{"id":8857,"date":"2025-02-26T13:39:43","date_gmt":"2025-02-26T12:39:43","guid":{"rendered":"https:\/\/www.nafaxles.com\/?p=8857"},"modified":"2025-02-26T14:07:19","modified_gmt":"2025-02-26T13:07:19","slug":"naf-baut-forum-mit-kantine","status":"publish","type":"post","link":"https:\/\/www.nafaxles.com\/de\/naf-baut-forum-mit-kantine\/","title":{"rendered":"NAF baut Forum mit Kantine"},"content":{"rendered":"\n<p>F\u00fcr die Mitarbeitenden der NAF entsteht in Neunkirchen am Brand ein neues Sozialgeb\u00e4ude mit Betriebsrestaurant, das \u201eNAF Forum\u201c. Als gr\u00f6\u00dfter Arbeitgeber vor Ort ist es dem Unternehmen wichtig, kontinuierlich in ansprechende Arbeitsbedingungen zu investieren. In der geplanten Kantine mit Caf\u00e9 finden bis zu 200 Personen Platz. In der dazugeh\u00f6rigen K\u00fcche werden zuk\u00fcnftig die Gerichte direkt vor Ort frisch zubereitet. Auf der barrierefreien Gesamtnutzfl\u00e4che von 1.145m\u00b2 entstehen au\u00dferdem noch B\u00fcroeinheiten f\u00fcr insgesamt 26 Mitarbeitende, Besprechungsr\u00e4umlichkeiten sowie neue Wasch-, Dusch- und Umkleider\u00e4ume, sowie WCs.<br><br>Der zweigeschossige Neubau in Hybridbauweise, aus Beton und Holz, entsteht auf der Fl\u00e4che des ehemaligen Verwaltungsgeb\u00e4udes, das hierf\u00fcr teilabgerissen wurde. Die Bauarbeiten sind bereits gestartet und die Fertigstellung des NAF Forums ist f\u00fcr Ende 2025 geplant.<\/p>\n\n\n\n<p class=\"has-text-align-right has-small-font-size\">Visualisierung NAF Forum \u00a9 pasemann planwerkstatt GbR<\/p>\n\n\n\n<p><\/p>\n","protected":false},"excerpt":{"rendered":"<p>F\u00fcr die Mitarbeitenden der NAF entsteht in Neunkirchen am Brand ein neues Sozialgeb\u00e4ude mit Betriebsrestaurant, das \u201eNAF Forum\u201c. Als gr\u00f6\u00dfter Arbeitgeber vor Ort ist es dem Unternehmen wichtig, kontinuierlich in ansprechende Arbeitsbedingungen zu investieren. In der geplanten Kantine mit Caf\u00e9 finden bis zu 200 Personen Platz. In der dazugeh\u00f6rigen K\u00fcche werden zuk\u00fcnftig die Gerichte direkt [&hellip;]<\/p>\n","protected":false},"author":332,"featured_media":8842,"comment_status":"closed","ping_status":"closed","sticky":false,"template":"","format":"standard","meta":{"footnotes":""},"categories":[6],"tags":[],"class_list":["post-8857","post","type-post","status-publish","format-standard","has-post-thumbnail","hentry","category-unkategorisiert"],"yoast_head":"<!-- This site is optimized with the Yoast SEO plugin v27.1.1 - https:\/\/yoast.com\/product\/yoast-seo-wordpress\/ -->\n<title>NAF baut Forum mit Kantine - NAF \u2013 Neunkirchener Achsenfabrik<\/title>\n<meta name=\"robots\" content=\"index, follow, max-snippet:-1, max-image-preview:large, max-video-preview:-1\" \/>\n<link rel=\"canonical\" href=\"https:\/\/www.nafaxles.com\/de\/naf-baut-forum-mit-kantine\/\" \/>\n<meta property=\"og:locale\" content=\"de_DE\" \/>\n<meta property=\"og:type\" content=\"article\" \/>\n<meta property=\"og:title\" content=\"NAF baut Forum mit Kantine - NAF \u2013 Neunkirchener Achsenfabrik\" \/>\n<meta property=\"og:description\" content=\"F\u00fcr die Mitarbeitenden der NAF entsteht in Neunkirchen am Brand ein neues Sozialgeb\u00e4ude mit Betriebsrestaurant, das \u201eNAF Forum\u201c. Als gr\u00f6\u00dfter Arbeitgeber vor Ort ist es dem Unternehmen wichtig, kontinuierlich in ansprechende Arbeitsbedingungen zu investieren. In der geplanten Kantine mit Caf\u00e9 finden bis zu 200 Personen Platz. In der dazugeh\u00f6rigen K\u00fcche werden zuk\u00fcnftig die Gerichte direkt [&hellip;]\" \/>\n<meta property=\"og:url\" content=\"https:\/\/www.nafaxles.com\/de\/naf-baut-forum-mit-kantine\/\" \/>\n<meta property=\"og:site_name\" content=\"NAF \u2013 Neunkirchener Achsenfabrik\" \/>\n<meta property=\"article:publisher\" content=\"https:\/\/www.facebook.com\/NAF-Neunkirchener-Achsenfabrik-AG-159635987405144\/\" \/>\n<meta property=\"article:published_time\" content=\"2025-02-26T12:39:43+00:00\" \/>\n<meta property=\"article:modified_time\" content=\"2025-02-26T13:07:19+00:00\" \/>\n<meta property=\"og:image\" content=\"https:\/\/www.nafaxles.com\/wp-content\/uploads\/2025\/02\/NAF-Forum_Teaser_.jpg\" \/>\n\t<meta property=\"og:image:width\" content=\"360\" \/>\n\t<meta property=\"og:image:height\" content=\"360\" \/>\n\t<meta property=\"og:image:type\" content=\"image\/jpeg\" \/>\n<meta name=\"author\" content=\"Sabrina Gugel\" \/>\n<meta name=\"twitter:card\" content=\"summary_large_image\" \/>\n<meta name=\"twitter:creator\" content=\"@nafaxles\" \/>\n<meta name=\"twitter:site\" content=\"@nafaxles\" \/>\n<meta name=\"twitter:label1\" content=\"Verfasst von\" \/>\n\t<meta name=\"twitter:data1\" content=\"Sabrina Gugel\" \/>\n\t<meta name=\"twitter:label2\" content=\"Gesch\u00e4tzte Lesezeit\" \/>\n\t<meta name=\"twitter:data2\" content=\"1\u00a0Minute\" \/>\n<script type=\"application\/ld+json\" class=\"yoast-schema-graph\">{\"@context\":\"https:\/\/schema.org\",\"@graph\":[{\"@type\":\"Article\",\"@id\":\"https:\/\/www.nafaxles.com\/de\/naf-baut-forum-mit-kantine\/#article\",\"isPartOf\":{\"@id\":\"https:\/\/www.nafaxles.com\/de\/naf-baut-forum-mit-kantine\/\"},\"author\":{\"name\":\"Sabrina Gugel\",\"@id\":\"https:\/\/de.nafaxles.com\/#\/schema\/person\/9f58669113649ec0ca514de6bbc87b74\"},\"headline\":\"NAF baut Forum mit Kantine\",\"datePublished\":\"2025-02-26T12:39:43+00:00\",\"dateModified\":\"2025-02-26T13:07:19+00:00\",\"mainEntityOfPage\":{\"@id\":\"https:\/\/www.nafaxles.com\/de\/naf-baut-forum-mit-kantine\/\"},\"wordCount\":142,\"image\":{\"@id\":\"https:\/\/www.nafaxles.com\/de\/naf-baut-forum-mit-kantine\/#primaryimage\"},\"thumbnailUrl\":\"https:\/\/www.nafaxles.com\/wp-content\/uploads\/2025\/02\/NAF-Forum_Teaser_.jpg\",\"articleSection\":[\"Unkategorisiert\"],\"inLanguage\":\"de\"},{\"@type\":\"WebPage\",\"@id\":\"https:\/\/www.nafaxles.com\/de\/naf-baut-forum-mit-kantine\/\",\"url\":\"https:\/\/www.nafaxles.com\/de\/naf-baut-forum-mit-kantine\/\",\"name\":\"NAF baut Forum mit Kantine - NAF \u2013 Neunkirchener Achsenfabrik\",\"isPartOf\":{\"@id\":\"https:\/\/de.nafaxles.com\/#website\"},\"primaryImageOfPage\":{\"@id\":\"https:\/\/www.nafaxles.com\/de\/naf-baut-forum-mit-kantine\/#primaryimage\"},\"image\":{\"@id\":\"https:\/\/www.nafaxles.com\/de\/naf-baut-forum-mit-kantine\/#primaryimage\"},\"thumbnailUrl\":\"https:\/\/www.nafaxles.com\/wp-content\/uploads\/2025\/02\/NAF-Forum_Teaser_.jpg\",\"datePublished\":\"2025-02-26T12:39:43+00:00\",\"dateModified\":\"2025-02-26T13:07:19+00:00\",\"author\":{\"@id\":\"https:\/\/de.nafaxles.com\/#\/schema\/person\/9f58669113649ec0ca514de6bbc87b74\"},\"breadcrumb\":{\"@id\":\"https:\/\/www.nafaxles.com\/de\/naf-baut-forum-mit-kantine\/#breadcrumb\"},\"inLanguage\":\"de\",\"potentialAction\":[{\"@type\":\"ReadAction\",\"target\":[\"https:\/\/www.nafaxles.com\/de\/naf-baut-forum-mit-kantine\/\"]}]},{\"@type\":\"ImageObject\",\"inLanguage\":\"de\",\"@id\":\"https:\/\/www.nafaxles.com\/de\/naf-baut-forum-mit-kantine\/#primaryimage\",\"url\":\"https:\/\/www.nafaxles.com\/wp-content\/uploads\/2025\/02\/NAF-Forum_Teaser_.jpg\",\"contentUrl\":\"https:\/\/www.nafaxles.com\/wp-content\/uploads\/2025\/02\/NAF-Forum_Teaser_.jpg\",\"width\":360,\"height\":360},{\"@type\":\"BreadcrumbList\",\"@id\":\"https:\/\/www.nafaxles.com\/de\/naf-baut-forum-mit-kantine\/#breadcrumb\",\"itemListElement\":[{\"@type\":\"ListItem\",\"position\":1,\"name\":\"Startseite\",\"item\":\"https:\/\/www.nafaxles.com\/de\/\"},{\"@type\":\"ListItem\",\"position\":2,\"name\":\"NAF baut Forum mit Kantine\"}]},{\"@type\":\"WebSite\",\"@id\":\"https:\/\/de.nafaxles.com\/#website\",\"url\":\"https:\/\/de.nafaxles.com\/\",\"name\":\"NAF \u2013 Neunkirchener Achsenfabrik\",\"description\":\"\",\"potentialAction\":[{\"@type\":\"SearchAction\",\"target\":{\"@type\":\"EntryPoint\",\"urlTemplate\":\"https:\/\/de.nafaxles.com\/?s={search_term_string}\"},\"query-input\":{\"@type\":\"PropertyValueSpecification\",\"valueRequired\":true,\"valueName\":\"search_term_string\"}}],\"inLanguage\":\"de\"},{\"@type\":\"Person\",\"@id\":\"https:\/\/de.nafaxles.com\/#\/schema\/person\/9f58669113649ec0ca514de6bbc87b74\",\"name\":\"Sabrina Gugel\"}]}<\/script>\n<!-- \/ Yoast SEO plugin. -->","yoast_head_json":{"title":"NAF baut Forum mit Kantine - NAF \u2013 Neunkirchener Achsenfabrik","robots":{"index":"index","follow":"follow","max-snippet":"max-snippet:-1","max-image-preview":"max-image-preview:large","max-video-preview":"max-video-preview:-1"},"canonical":"https:\/\/www.nafaxles.com\/de\/naf-baut-forum-mit-kantine\/","og_locale":"de_DE","og_type":"article","og_title":"NAF baut Forum mit Kantine - NAF \u2013 Neunkirchener Achsenfabrik","og_description":"F\u00fcr die Mitarbeitenden der NAF entsteht in Neunkirchen am Brand ein neues Sozialgeb\u00e4ude mit Betriebsrestaurant, das \u201eNAF Forum\u201c. Als gr\u00f6\u00dfter Arbeitgeber vor Ort ist es dem Unternehmen wichtig, kontinuierlich in ansprechende Arbeitsbedingungen zu investieren. In der geplanten Kantine mit Caf\u00e9 finden bis zu 200 Personen Platz. In der dazugeh\u00f6rigen K\u00fcche werden zuk\u00fcnftig die Gerichte direkt [&hellip;]","og_url":"https:\/\/www.nafaxles.com\/de\/naf-baut-forum-mit-kantine\/","og_site_name":"NAF \u2013 Neunkirchener Achsenfabrik","article_publisher":"https:\/\/www.facebook.com\/NAF-Neunkirchener-Achsenfabrik-AG-159635987405144\/","article_published_time":"2025-02-26T12:39:43+00:00","article_modified_time":"2025-02-26T13:07:19+00:00","og_image":[{"width":360,"height":360,"url":"https:\/\/www.nafaxles.com\/wp-content\/uploads\/2025\/02\/NAF-Forum_Teaser_.jpg","type":"image\/jpeg"}],"author":"Sabrina Gugel","twitter_card":"summary_large_image","twitter_creator":"@nafaxles","twitter_site":"@nafaxles","twitter_misc":{"Verfasst von":"Sabrina Gugel","Gesch\u00e4tzte Lesezeit":"1\u00a0Minute"},"schema":{"@context":"https:\/\/schema.org","@graph":[{"@type":"Article","@id":"https:\/\/www.nafaxles.com\/de\/naf-baut-forum-mit-kantine\/#article","isPartOf":{"@id":"https:\/\/www.nafaxles.com\/de\/naf-baut-forum-mit-kantine\/"},"author":{"name":"Sabrina Gugel","@id":"https:\/\/de.nafaxles.com\/#\/schema\/person\/9f58669113649ec0ca514de6bbc87b74"},"headline":"NAF baut Forum mit Kantine","datePublished":"2025-02-26T12:39:43+00:00","dateModified":"2025-02-26T13:07:19+00:00","mainEntityOfPage":{"@id":"https:\/\/www.nafaxles.com\/de\/naf-baut-forum-mit-kantine\/"},"wordCount":142,"image":{"@id":"https:\/\/www.nafaxles.com\/de\/naf-baut-forum-mit-kantine\/#primaryimage"},"thumbnailUrl":"https:\/\/www.nafaxles.com\/wp-content\/uploads\/2025\/02\/NAF-Forum_Teaser_.jpg","articleSection":["Unkategorisiert"],"inLanguage":"de"},{"@type":"WebPage","@id":"https:\/\/www.nafaxles.com\/de\/naf-baut-forum-mit-kantine\/","url":"https:\/\/www.nafaxles.com\/de\/naf-baut-forum-mit-kantine\/","name":"NAF baut Forum mit Kantine - NAF \u2013 Neunkirchener Achsenfabrik","isPartOf":{"@id":"https:\/\/de.nafaxles.com\/#website"},"primaryImageOfPage":{"@id":"https:\/\/www.nafaxles.com\/de\/naf-baut-forum-mit-kantine\/#primaryimage"},"image":{"@id":"https:\/\/www.nafaxles.com\/de\/naf-baut-forum-mit-kantine\/#primaryimage"},"thumbnailUrl":"https:\/\/www.nafaxles.com\/wp-content\/uploads\/2025\/02\/NAF-Forum_Teaser_.jpg","datePublished":"2025-02-26T12:39:43+00:00","dateModified":"2025-02-26T13:07:19+00:00","author":{"@id":"https:\/\/de.nafaxles.com\/#\/schema\/person\/9f58669113649ec0ca514de6bbc87b74"},"breadcrumb":{"@id":"https:\/\/www.nafaxles.com\/de\/naf-baut-forum-mit-kantine\/#breadcrumb"},"inLanguage":"de","potentialAction":[{"@type":"ReadAction","target":["https:\/\/www.nafaxles.com\/de\/naf-baut-forum-mit-kantine\/"]}]},{"@type":"ImageObject","inLanguage":"de","@id":"https:\/\/www.nafaxles.com\/de\/naf-baut-forum-mit-kantine\/#primaryimage","url":"https:\/\/www.nafaxles.com\/wp-content\/uploads\/2025\/02\/NAF-Forum_Teaser_.jpg","contentUrl":"https:\/\/www.nafaxles.com\/wp-content\/uploads\/2025\/02\/NAF-Forum_Teaser_.jpg","width":360,"height":360},{"@type":"BreadcrumbList","@id":"https:\/\/www.nafaxles.com\/de\/naf-baut-forum-mit-kantine\/#breadcrumb","itemListElement":[{"@type":"ListItem","position":1,"name":"Startseite","item":"https:\/\/www.nafaxles.com\/de\/"},{"@type":"ListItem","position":2,"name":"NAF baut Forum mit Kantine"}]},{"@type":"WebSite","@id":"https:\/\/de.nafaxles.com\/#website","url":"https:\/\/de.nafaxles.com\/","name":"NAF \u2013 Neunkirchener Achsenfabrik","description":"","potentialAction":[{"@type":"SearchAction","target":{"@type":"EntryPoint","urlTemplate":"https:\/\/de.nafaxles.com\/?s={search_term_string}"},"query-input":{"@type":"PropertyValueSpecification","valueRequired":true,"valueName":"search_term_string"}}],"inLanguage":"de"},{"@type":"Person","@id":"https:\/\/de.nafaxles.com\/#\/schema\/person\/9f58669113649ec0ca514de6bbc87b74","name":"Sabrina Gugel"}]}},"_links":{"self":[{"href":"https:\/\/www.nafaxles.com\/de\/wp-json\/wp\/v2\/posts\/8857","targetHints":{"allow":["GET"]}}],"collection":[{"href":"https:\/\/www.nafaxles.com\/de\/wp-json\/wp\/v2\/posts"}],"about":[{"href":"https:\/\/www.nafaxles.com\/de\/wp-json\/wp\/v2\/types\/post"}],"author":[{"embeddable":true,"href":"https:\/\/www.nafaxles.com\/de\/wp-json\/wp\/v2\/users\/332"}],"replies":[{"embeddable":true,"href":"https:\/\/www.nafaxles.com\/de\/wp-json\/wp\/v2\/comments?post=8857"}],"version-history":[{"count":6,"href":"https:\/\/www.nafaxles.com\/de\/wp-json\/wp\/v2\/posts\/8857\/revisions"}],"predecessor-version":[{"id":8867,"href":"https:\/\/www.nafaxles.com\/de\/wp-json\/wp\/v2\/posts\/8857\/revisions\/8867"}],"wp:featuredmedia":[{"embeddable":true,"href":"https:\/\/www.nafaxles.com\/de\/wp-json\/wp\/v2\/media\/8842"}],"wp:attachment":[{"href":"https:\/\/www.nafaxles.com\/de\/wp-json\/wp\/v2\/media?parent=8857"}],"wp:term":[{"taxonomy":"category","embeddable":true,"href":"https:\/\/www.nafaxles.com\/de\/wp-json\/wp\/v2\/categories?post=8857"},{"taxonomy":"post_tag","embeddable":true,"href":"https:\/\/www.nafaxles.com\/de\/wp-json\/wp\/v2\/tags?post=8857"}],"curies":[{"name":"wp","href":"https:\/\/api.w.org\/{rel}","templated":true}]}}