{"id":8631,"date":"2024-10-24T09:39:42","date_gmt":"2024-10-24T07:39:42","guid":{"rendered":"https:\/\/www.nafaxles.com\/?p=8631"},"modified":"2024-12-12T13:47:06","modified_gmt":"2024-12-12T12:47:06","slug":"lauf-gegen-krebs-in-erlangen","status":"publish","type":"post","link":"https:\/\/www.nafaxles.com\/de\/lauf-gegen-krebs-in-erlangen\/","title":{"rendered":"Lauf gegen Krebs in Erlangen"},"content":{"rendered":"\n<p>Am 12. Oktober 2024 fand der 11. Lauf gegen Krebs im Schlossgarten in Erlangen statt. Bei sch\u00f6nem Wetter versammelten sich rund 2.500 L\u00e4uferinnen und L\u00e4ufer, um gemeinsam ein Zeichen im Kampf gegen die Krankheit zu setzen. Die Veranstaltung zog nicht nur erfahrene Athletinnen und Athleten an, sondern auch viele Hobbyl\u00e4uferinnen und L\u00e4ufer oder Familien, die sich f\u00fcr den guten Zweck engagieren wollten.<br>Schon zum zweiten Mal in Folge war die <strong>NAF Hauptsponsor<\/strong> der Veranstaltung. Vor Ort war die NAF mit insgesamt 29 L\u00e4uferinnen und L\u00e4ufern vertreten, die sich mit viel Enthusiasmus dem Lauf widmeten. Insgesamt erliefen die Achsenl\u00e4ufer fast 400 Runden. Die Stimmung war wieder super und zahlreiche Zuschauer unterst\u00fctzten die L\u00e4ufer entlang der Strecke.<br>Mit jedem Schritt setzten die L\u00e4uferinnen und L\u00e4ufer ein starkes Zeichen der Gemeinschaft und des Zusammenhalts. Der Erfolg des Laufs zeigt, wie wichtig es ist, sich f\u00fcr solche Initiativen einzusetzen und das Bewusstsein f\u00fcr Krebs zu sch\u00e4rfen.<\/p>\n","protected":false},"excerpt":{"rendered":"<p>Am 12. Oktober 2024 fand der 11. Lauf gegen Krebs im Schlossgarten in Erlangen statt. Bei sch\u00f6nem Wetter versammelten sich rund 2.500 L\u00e4uferinnen und L\u00e4ufer, um gemeinsam ein Zeichen im Kampf gegen die Krankheit zu setzen. Die Veranstaltung zog nicht nur erfahrene Athletinnen und Athleten an, sondern auch viele Hobbyl\u00e4uferinnen und L\u00e4ufer oder Familien, die [&hellip;]<\/p>\n","protected":false},"author":281,"featured_media":8724,"comment_status":"closed","ping_status":"closed","sticky":false,"template":"","format":"standard","meta":{"footnotes":""},"categories":[6],"tags":[],"class_list":["post-8631","post","type-post","status-publish","format-standard","has-post-thumbnail","hentry","category-unkategorisiert"],"yoast_head":"<!-- This site is optimized with the Yoast SEO plugin v27.1.1 - https:\/\/yoast.com\/product\/yoast-seo-wordpress\/ -->\n<title>Lauf gegen Krebs in Erlangen - NAF \u2013 Neunkirchener Achsenfabrik<\/title>\n<meta name=\"robots\" content=\"index, follow, max-snippet:-1, max-image-preview:large, max-video-preview:-1\" \/>\n<link rel=\"canonical\" href=\"https:\/\/www.nafaxles.com\/de\/lauf-gegen-krebs-in-erlangen\/\" \/>\n<meta property=\"og:locale\" content=\"de_DE\" \/>\n<meta property=\"og:type\" content=\"article\" \/>\n<meta property=\"og:title\" content=\"Lauf gegen Krebs in Erlangen - NAF \u2013 Neunkirchener Achsenfabrik\" \/>\n<meta property=\"og:description\" content=\"Am 12. Oktober 2024 fand der 11. Lauf gegen Krebs im Schlossgarten in Erlangen statt. Bei sch\u00f6nem Wetter versammelten sich rund 2.500 L\u00e4uferinnen und L\u00e4ufer, um gemeinsam ein Zeichen im Kampf gegen die Krankheit zu setzen. Die Veranstaltung zog nicht nur erfahrene Athletinnen und Athleten an, sondern auch viele Hobbyl\u00e4uferinnen und L\u00e4ufer oder Familien, die [&hellip;]\" \/>\n<meta property=\"og:url\" content=\"https:\/\/www.nafaxles.com\/de\/lauf-gegen-krebs-in-erlangen\/\" \/>\n<meta property=\"og:site_name\" content=\"NAF \u2013 Neunkirchener Achsenfabrik\" \/>\n<meta property=\"article:publisher\" content=\"https:\/\/www.facebook.com\/NAF-Neunkirchener-Achsenfabrik-AG-159635987405144\/\" \/>\n<meta property=\"article:published_time\" content=\"2024-10-24T07:39:42+00:00\" \/>\n<meta property=\"article:modified_time\" content=\"2024-12-12T12:47:06+00:00\" \/>\n<meta property=\"og:image\" content=\"https:\/\/www.nafaxles.com\/wp-content\/uploads\/2024\/12\/Spendenlauf2024_Teaser-1.jpg\" \/>\n\t<meta property=\"og:image:width\" content=\"360\" \/>\n\t<meta property=\"og:image:height\" content=\"360\" \/>\n\t<meta property=\"og:image:type\" content=\"image\/jpeg\" \/>\n<meta name=\"author\" content=\"Martina Dicker\" \/>\n<meta name=\"twitter:card\" content=\"summary_large_image\" \/>\n<meta name=\"twitter:creator\" content=\"@nafaxles\" \/>\n<meta name=\"twitter:site\" content=\"@nafaxles\" \/>\n<meta name=\"twitter:label1\" content=\"Verfasst von\" \/>\n\t<meta name=\"twitter:data1\" content=\"Martina Dicker\" \/>\n\t<meta name=\"twitter:label2\" content=\"Gesch\u00e4tzte Lesezeit\" \/>\n\t<meta name=\"twitter:data2\" content=\"1\u00a0Minute\" \/>\n<script type=\"application\/ld+json\" class=\"yoast-schema-graph\">{\"@context\":\"https:\/\/schema.org\",\"@graph\":[{\"@type\":\"Article\",\"@id\":\"https:\/\/www.nafaxles.com\/de\/lauf-gegen-krebs-in-erlangen\/#article\",\"isPartOf\":{\"@id\":\"https:\/\/www.nafaxles.com\/de\/lauf-gegen-krebs-in-erlangen\/\"},\"author\":{\"name\":\"Martina Dicker\",\"@id\":\"https:\/\/de.nafaxles.com\/#\/schema\/person\/131c085fdaa176da38801268f7a1954a\"},\"headline\":\"Lauf gegen Krebs in Erlangen\",\"datePublished\":\"2024-10-24T07:39:42+00:00\",\"dateModified\":\"2024-12-12T12:47:06+00:00\",\"mainEntityOfPage\":{\"@id\":\"https:\/\/www.nafaxles.com\/de\/lauf-gegen-krebs-in-erlangen\/\"},\"wordCount\":167,\"image\":{\"@id\":\"https:\/\/www.nafaxles.com\/de\/lauf-gegen-krebs-in-erlangen\/#primaryimage\"},\"thumbnailUrl\":\"https:\/\/www.nafaxles.com\/wp-content\/uploads\/2024\/12\/Spendenlauf2024_Teaser-1.jpg\",\"articleSection\":[\"Unkategorisiert\"],\"inLanguage\":\"de\"},{\"@type\":\"WebPage\",\"@id\":\"https:\/\/www.nafaxles.com\/de\/lauf-gegen-krebs-in-erlangen\/\",\"url\":\"https:\/\/www.nafaxles.com\/de\/lauf-gegen-krebs-in-erlangen\/\",\"name\":\"Lauf gegen Krebs in Erlangen - NAF \u2013 Neunkirchener Achsenfabrik\",\"isPartOf\":{\"@id\":\"https:\/\/de.nafaxles.com\/#website\"},\"primaryImageOfPage\":{\"@id\":\"https:\/\/www.nafaxles.com\/de\/lauf-gegen-krebs-in-erlangen\/#primaryimage\"},\"image\":{\"@id\":\"https:\/\/www.nafaxles.com\/de\/lauf-gegen-krebs-in-erlangen\/#primaryimage\"},\"thumbnailUrl\":\"https:\/\/www.nafaxles.com\/wp-content\/uploads\/2024\/12\/Spendenlauf2024_Teaser-1.jpg\",\"datePublished\":\"2024-10-24T07:39:42+00:00\",\"dateModified\":\"2024-12-12T12:47:06+00:00\",\"author\":{\"@id\":\"https:\/\/de.nafaxles.com\/#\/schema\/person\/131c085fdaa176da38801268f7a1954a\"},\"breadcrumb\":{\"@id\":\"https:\/\/www.nafaxles.com\/de\/lauf-gegen-krebs-in-erlangen\/#breadcrumb\"},\"inLanguage\":\"de\",\"potentialAction\":[{\"@type\":\"ReadAction\",\"target\":[\"https:\/\/www.nafaxles.com\/de\/lauf-gegen-krebs-in-erlangen\/\"]}]},{\"@type\":\"ImageObject\",\"inLanguage\":\"de\",\"@id\":\"https:\/\/www.nafaxles.com\/de\/lauf-gegen-krebs-in-erlangen\/#primaryimage\",\"url\":\"https:\/\/www.nafaxles.com\/wp-content\/uploads\/2024\/12\/Spendenlauf2024_Teaser-1.jpg\",\"contentUrl\":\"https:\/\/www.nafaxles.com\/wp-content\/uploads\/2024\/12\/Spendenlauf2024_Teaser-1.jpg\",\"width\":360,\"height\":360,\"caption\":\"Spendenlauf 2024\"},{\"@type\":\"BreadcrumbList\",\"@id\":\"https:\/\/www.nafaxles.com\/de\/lauf-gegen-krebs-in-erlangen\/#breadcrumb\",\"itemListElement\":[{\"@type\":\"ListItem\",\"position\":1,\"name\":\"Startseite\",\"item\":\"https:\/\/www.nafaxles.com\/de\/\"},{\"@type\":\"ListItem\",\"position\":2,\"name\":\"Lauf gegen Krebs in Erlangen\"}]},{\"@type\":\"WebSite\",\"@id\":\"https:\/\/de.nafaxles.com\/#website\",\"url\":\"https:\/\/de.nafaxles.com\/\",\"name\":\"NAF \u2013 Neunkirchener Achsenfabrik\",\"description\":\"\",\"potentialAction\":[{\"@type\":\"SearchAction\",\"target\":{\"@type\":\"EntryPoint\",\"urlTemplate\":\"https:\/\/de.nafaxles.com\/?s={search_term_string}\"},\"query-input\":{\"@type\":\"PropertyValueSpecification\",\"valueRequired\":true,\"valueName\":\"search_term_string\"}}],\"inLanguage\":\"de\"},{\"@type\":\"Person\",\"@id\":\"https:\/\/de.nafaxles.com\/#\/schema\/person\/131c085fdaa176da38801268f7a1954a\",\"name\":\"Martina Dicker\"}]}<\/script>\n<!-- \/ Yoast SEO plugin. -->","yoast_head_json":{"title":"Lauf gegen Krebs in Erlangen - NAF \u2013 Neunkirchener Achsenfabrik","robots":{"index":"index","follow":"follow","max-snippet":"max-snippet:-1","max-image-preview":"max-image-preview:large","max-video-preview":"max-video-preview:-1"},"canonical":"https:\/\/www.nafaxles.com\/de\/lauf-gegen-krebs-in-erlangen\/","og_locale":"de_DE","og_type":"article","og_title":"Lauf gegen Krebs in Erlangen - NAF \u2013 Neunkirchener Achsenfabrik","og_description":"Am 12. Oktober 2024 fand der 11. Lauf gegen Krebs im Schlossgarten in Erlangen statt. Bei sch\u00f6nem Wetter versammelten sich rund 2.500 L\u00e4uferinnen und L\u00e4ufer, um gemeinsam ein Zeichen im Kampf gegen die Krankheit zu setzen. Die Veranstaltung zog nicht nur erfahrene Athletinnen und Athleten an, sondern auch viele Hobbyl\u00e4uferinnen und L\u00e4ufer oder Familien, die [&hellip;]","og_url":"https:\/\/www.nafaxles.com\/de\/lauf-gegen-krebs-in-erlangen\/","og_site_name":"NAF \u2013 Neunkirchener Achsenfabrik","article_publisher":"https:\/\/www.facebook.com\/NAF-Neunkirchener-Achsenfabrik-AG-159635987405144\/","article_published_time":"2024-10-24T07:39:42+00:00","article_modified_time":"2024-12-12T12:47:06+00:00","og_image":[{"width":360,"height":360,"url":"https:\/\/www.nafaxles.com\/wp-content\/uploads\/2024\/12\/Spendenlauf2024_Teaser-1.jpg","type":"image\/jpeg"}],"author":"Martina Dicker","twitter_card":"summary_large_image","twitter_creator":"@nafaxles","twitter_site":"@nafaxles","twitter_misc":{"Verfasst von":"Martina Dicker","Gesch\u00e4tzte Lesezeit":"1\u00a0Minute"},"schema":{"@context":"https:\/\/schema.org","@graph":[{"@type":"Article","@id":"https:\/\/www.nafaxles.com\/de\/lauf-gegen-krebs-in-erlangen\/#article","isPartOf":{"@id":"https:\/\/www.nafaxles.com\/de\/lauf-gegen-krebs-in-erlangen\/"},"author":{"name":"Martina Dicker","@id":"https:\/\/de.nafaxles.com\/#\/schema\/person\/131c085fdaa176da38801268f7a1954a"},"headline":"Lauf gegen Krebs in Erlangen","datePublished":"2024-10-24T07:39:42+00:00","dateModified":"2024-12-12T12:47:06+00:00","mainEntityOfPage":{"@id":"https:\/\/www.nafaxles.com\/de\/lauf-gegen-krebs-in-erlangen\/"},"wordCount":167,"image":{"@id":"https:\/\/www.nafaxles.com\/de\/lauf-gegen-krebs-in-erlangen\/#primaryimage"},"thumbnailUrl":"https:\/\/www.nafaxles.com\/wp-content\/uploads\/2024\/12\/Spendenlauf2024_Teaser-1.jpg","articleSection":["Unkategorisiert"],"inLanguage":"de"},{"@type":"WebPage","@id":"https:\/\/www.nafaxles.com\/de\/lauf-gegen-krebs-in-erlangen\/","url":"https:\/\/www.nafaxles.com\/de\/lauf-gegen-krebs-in-erlangen\/","name":"Lauf gegen Krebs in Erlangen - NAF \u2013 Neunkirchener Achsenfabrik","isPartOf":{"@id":"https:\/\/de.nafaxles.com\/#website"},"primaryImageOfPage":{"@id":"https:\/\/www.nafaxles.com\/de\/lauf-gegen-krebs-in-erlangen\/#primaryimage"},"image":{"@id":"https:\/\/www.nafaxles.com\/de\/lauf-gegen-krebs-in-erlangen\/#primaryimage"},"thumbnailUrl":"https:\/\/www.nafaxles.com\/wp-content\/uploads\/2024\/12\/Spendenlauf2024_Teaser-1.jpg","datePublished":"2024-10-24T07:39:42+00:00","dateModified":"2024-12-12T12:47:06+00:00","author":{"@id":"https:\/\/de.nafaxles.com\/#\/schema\/person\/131c085fdaa176da38801268f7a1954a"},"breadcrumb":{"@id":"https:\/\/www.nafaxles.com\/de\/lauf-gegen-krebs-in-erlangen\/#breadcrumb"},"inLanguage":"de","potentialAction":[{"@type":"ReadAction","target":["https:\/\/www.nafaxles.com\/de\/lauf-gegen-krebs-in-erlangen\/"]}]},{"@type":"ImageObject","inLanguage":"de","@id":"https:\/\/www.nafaxles.com\/de\/lauf-gegen-krebs-in-erlangen\/#primaryimage","url":"https:\/\/www.nafaxles.com\/wp-content\/uploads\/2024\/12\/Spendenlauf2024_Teaser-1.jpg","contentUrl":"https:\/\/www.nafaxles.com\/wp-content\/uploads\/2024\/12\/Spendenlauf2024_Teaser-1.jpg","width":360,"height":360,"caption":"Spendenlauf 2024"},{"@type":"BreadcrumbList","@id":"https:\/\/www.nafaxles.com\/de\/lauf-gegen-krebs-in-erlangen\/#breadcrumb","itemListElement":[{"@type":"ListItem","position":1,"name":"Startseite","item":"https:\/\/www.nafaxles.com\/de\/"},{"@type":"ListItem","position":2,"name":"Lauf gegen Krebs in Erlangen"}]},{"@type":"WebSite","@id":"https:\/\/de.nafaxles.com\/#website","url":"https:\/\/de.nafaxles.com\/","name":"NAF \u2013 Neunkirchener Achsenfabrik","description":"","potentialAction":[{"@type":"SearchAction","target":{"@type":"EntryPoint","urlTemplate":"https:\/\/de.nafaxles.com\/?s={search_term_string}"},"query-input":{"@type":"PropertyValueSpecification","valueRequired":true,"valueName":"search_term_string"}}],"inLanguage":"de"},{"@type":"Person","@id":"https:\/\/de.nafaxles.com\/#\/schema\/person\/131c085fdaa176da38801268f7a1954a","name":"Martina Dicker"}]}},"_links":{"self":[{"href":"https:\/\/www.nafaxles.com\/de\/wp-json\/wp\/v2\/posts\/8631","targetHints":{"allow":["GET"]}}],"collection":[{"href":"https:\/\/www.nafaxles.com\/de\/wp-json\/wp\/v2\/posts"}],"about":[{"href":"https:\/\/www.nafaxles.com\/de\/wp-json\/wp\/v2\/types\/post"}],"author":[{"embeddable":true,"href":"https:\/\/www.nafaxles.com\/de\/wp-json\/wp\/v2\/users\/281"}],"replies":[{"embeddable":true,"href":"https:\/\/www.nafaxles.com\/de\/wp-json\/wp\/v2\/comments?post=8631"}],"version-history":[{"count":1,"href":"https:\/\/www.nafaxles.com\/de\/wp-json\/wp\/v2\/posts\/8631\/revisions"}],"predecessor-version":[{"id":8632,"href":"https:\/\/www.nafaxles.com\/de\/wp-json\/wp\/v2\/posts\/8631\/revisions\/8632"}],"wp:featuredmedia":[{"embeddable":true,"href":"https:\/\/www.nafaxles.com\/de\/wp-json\/wp\/v2\/media\/8724"}],"wp:attachment":[{"href":"https:\/\/www.nafaxles.com\/de\/wp-json\/wp\/v2\/media?parent=8631"}],"wp:term":[{"taxonomy":"category","embeddable":true,"href":"https:\/\/www.nafaxles.com\/de\/wp-json\/wp\/v2\/categories?post=8631"},{"taxonomy":"post_tag","embeddable":true,"href":"https:\/\/www.nafaxles.com\/de\/wp-json\/wp\/v2\/tags?post=8631"}],"curies":[{"name":"wp","href":"https:\/\/api.w.org\/{rel}","templated":true}]}}