{"id":10481,"date":"2026-04-23T15:31:02","date_gmt":"2026-04-23T13:31:02","guid":{"rendered":"https:\/\/www.nafaxles.com\/?p=10481"},"modified":"2026-04-23T15:31:08","modified_gmt":"2026-04-23T13:31:08","slug":"erfolgreiche-teil-eroeffnung-des-naf-forums","status":"publish","type":"post","link":"https:\/\/www.nafaxles.com\/de\/erfolgreiche-teil-eroeffnung-des-naf-forums\/","title":{"rendered":"Erfolgreiche Teil-Er\u00f6ffnung des NAF-Forums"},"content":{"rendered":"\n<p>Nachdem das ehemalige Verwaltungsgeb\u00e4ude Ende 2024 teilabgerissen wurde, ist direkt mit dem Neubau des NAF-Forums begonnen worden. Dieses stellt eine gelungene Kombination aus Sozialgeb\u00e4ude mit Betriebsrestaurant und Kantine auf einer Gesamtnutzungsfl\u00e4che von 1.145 m\u00b2 dar. In der dazugeh\u00f6rigen K\u00fcche k\u00f6nnen nun Gerichte direkt vor Ort frisch zubereitet werden. Das Forum bietet dar\u00fcber hinaus B\u00fcroeinheiten f\u00fcr insgesamt 26 Mitarbeitende, Besprechungsr\u00e4umlichkeiten sowie neue Umkleide- und Sanit\u00e4ranlagen.<br><br>Am 13.04.2026 war es dann endlich so weit: Die MitarbeiterInnen der NAF konnten erstmals die neue Kantine im NAF-Forum nutzen!\u00a0<br>Die Er\u00f6ffnung wurde von der NAF mit einem kostenlosen Essen f\u00fcr die Mitarbeitenden gesponsert.<br><br>Das Feedback nach den ersten Tagen ist durchweg positiv! Durch die neue K\u00fcche gibt es auch neue Optionen im Speiseangebot, die Kantine ist gro\u00dfz\u00fcgig, modern, akustisch angenehm und es gibt endlich einen gemeinsamen Treffpunkt, an dem alle bereichs\u00fcbergreifend zusammenkommen und sich austauschen k\u00f6nnen.\u00a0<br><br>In den n\u00e4chsten Wochen werden in den anderen, noch nicht zug\u00e4nglichen Bereichen des Forums die letzten Arbeiten abgeschlossen, bevor dann auch diese R\u00e4umlichkeiten endg\u00fcltig bezogen und genutzt werden k\u00f6nnen.<br><br>Wir freuen uns \u00fcber die erfolgreiche Er\u00f6ffnung des NAF-Forums. Dies ist ein weiterer, wichtiger Bestandteil f\u00fcr die Zufriedenheit aller Mitarbeiterinnen und Mitarbeiter und l\u00e4sst dar\u00fcber hinaus die NAF als attraktiven Arbeitgeber erscheinen.<\/p>\n\n\n\n<figure class=\"wp-block-gallery has-nested-images columns-default is-cropped wp-block-gallery-1 is-layout-flex wp-block-gallery-is-layout-flex\">\n<figure class=\"wp-block-image size-large\"><img loading=\"lazy\" decoding=\"async\" width=\"1024\" height=\"569\" data-id=\"10464\" src=\"https:\/\/www.nafaxles.com\/wp-content\/uploads\/2026\/04\/Kantine_Fin-1024x569.jpg\" alt=\"New NAF Kitchen\" class=\"wp-image-10464\" srcset=\"https:\/\/www.nafaxles.com\/wp-content\/uploads\/2026\/04\/Kantine_Fin-1024x569.jpg 1024w, https:\/\/www.nafaxles.com\/wp-content\/uploads\/2026\/04\/Kantine_Fin-300x167.jpg 300w, https:\/\/www.nafaxles.com\/wp-content\/uploads\/2026\/04\/Kantine_Fin-768x427.jpg 768w, https:\/\/www.nafaxles.com\/wp-content\/uploads\/2026\/04\/Kantine_Fin-1536x854.jpg 1536w, https:\/\/www.nafaxles.com\/wp-content\/uploads\/2026\/04\/Kantine_Fin.jpg 1875w\" sizes=\"auto, (max-width: 1024px) 100vw, 1024px\" \/><figcaption class=\"wp-element-caption\">Neue K\u00fcche<\/figcaption><\/figure>\n\n\n\n<figure class=\"wp-block-image size-large\"><img loading=\"lazy\" decoding=\"async\" width=\"1024\" height=\"569\" data-id=\"10468\" src=\"https:\/\/www.nafaxles.com\/wp-content\/uploads\/2026\/04\/Gruppenbild-1024x569.jpg\" alt=\"Kevin Sauer, Dr. Norbert Knorren (CEO), Thomas Winkler\" class=\"wp-image-10468\" srcset=\"https:\/\/www.nafaxles.com\/wp-content\/uploads\/2026\/04\/Gruppenbild-1024x569.jpg 1024w, https:\/\/www.nafaxles.com\/wp-content\/uploads\/2026\/04\/Gruppenbild-300x167.jpg 300w, https:\/\/www.nafaxles.com\/wp-content\/uploads\/2026\/04\/Gruppenbild-768x427.jpg 768w, https:\/\/www.nafaxles.com\/wp-content\/uploads\/2026\/04\/Gruppenbild-1536x854.jpg 1536w, https:\/\/www.nafaxles.com\/wp-content\/uploads\/2026\/04\/Gruppenbild.jpg 1875w\" sizes=\"auto, (max-width: 1024px) 100vw, 1024px\" \/><figcaption class=\"wp-element-caption\">V.l.n.r.: Kevin Sauer (Trainee), Dr. Norbert Knorren (CSO &amp; CFO), Thomas Winkler (Betriebsratsvorsitzender)<\/figcaption><\/figure>\n<\/figure>\n\n\n\n<p><\/p>\n","protected":false},"excerpt":{"rendered":"<p>Nachdem das ehemalige Verwaltungsgeb\u00e4ude Ende 2024 teilabgerissen wurde, ist direkt mit dem Neubau des NAF-Forums begonnen worden. Dieses stellt eine gelungene Kombination aus Sozialgeb\u00e4ude mit Betriebsrestaurant und Kantine auf einer Gesamtnutzungsfl\u00e4che von 1.145 m\u00b2 dar. In der dazugeh\u00f6rigen K\u00fcche k\u00f6nnen nun Gerichte direkt vor Ort frisch zubereitet werden. Das Forum bietet dar\u00fcber hinaus B\u00fcroeinheiten f\u00fcr [&hellip;]<\/p>\n","protected":false},"author":281,"featured_media":10474,"comment_status":"closed","ping_status":"closed","sticky":false,"template":"","format":"standard","meta":{"footnotes":""},"categories":[6],"tags":[],"class_list":["post-10481","post","type-post","status-publish","format-standard","has-post-thumbnail","hentry","category-unkategorisiert"],"yoast_head":"<!-- This site is optimized with the Yoast SEO plugin v27.1.1 - https:\/\/yoast.com\/product\/yoast-seo-wordpress\/ -->\n<title>Erfolgreiche Teil-Er\u00f6ffnung des NAF-Forums - NAF \u2013 Neunkirchener Achsenfabrik<\/title>\n<meta name=\"robots\" content=\"index, follow, max-snippet:-1, max-image-preview:large, max-video-preview:-1\" \/>\n<link rel=\"canonical\" href=\"https:\/\/www.nafaxles.com\/de\/erfolgreiche-teil-eroeffnung-des-naf-forums\/\" \/>\n<meta property=\"og:locale\" content=\"de_DE\" \/>\n<meta property=\"og:type\" content=\"article\" \/>\n<meta property=\"og:title\" content=\"Erfolgreiche Teil-Er\u00f6ffnung des NAF-Forums - NAF \u2013 Neunkirchener Achsenfabrik\" \/>\n<meta property=\"og:description\" content=\"Nachdem das ehemalige Verwaltungsgeb\u00e4ude Ende 2024 teilabgerissen wurde, ist direkt mit dem Neubau des NAF-Forums begonnen worden. Dieses stellt eine gelungene Kombination aus Sozialgeb\u00e4ude mit Betriebsrestaurant und Kantine auf einer Gesamtnutzungsfl\u00e4che von 1.145 m\u00b2 dar. In der dazugeh\u00f6rigen K\u00fcche k\u00f6nnen nun Gerichte direkt vor Ort frisch zubereitet werden. Das Forum bietet dar\u00fcber hinaus B\u00fcroeinheiten f\u00fcr [&hellip;]\" \/>\n<meta property=\"og:url\" content=\"https:\/\/www.nafaxles.com\/de\/erfolgreiche-teil-eroeffnung-des-naf-forums\/\" \/>\n<meta property=\"og:site_name\" content=\"NAF \u2013 Neunkirchener Achsenfabrik\" \/>\n<meta property=\"article:publisher\" content=\"https:\/\/www.facebook.com\/NAF-Neunkirchener-Achsenfabrik-AG-159635987405144\/\" \/>\n<meta property=\"article:published_time\" content=\"2026-04-23T13:31:02+00:00\" \/>\n<meta property=\"article:modified_time\" content=\"2026-04-23T13:31:08+00:00\" \/>\n<meta property=\"og:image\" content=\"https:\/\/www.nafaxles.com\/wp-content\/uploads\/2026\/04\/Kantine_Teaser_Fin.jpg\" \/>\n\t<meta property=\"og:image:width\" content=\"750\" \/>\n\t<meta property=\"og:image:height\" content=\"750\" \/>\n\t<meta property=\"og:image:type\" content=\"image\/jpeg\" \/>\n<meta name=\"author\" content=\"Martina Dicker\" \/>\n<meta name=\"twitter:card\" content=\"summary_large_image\" \/>\n<meta name=\"twitter:creator\" content=\"@nafaxles\" \/>\n<meta name=\"twitter:site\" content=\"@nafaxles\" \/>\n<meta name=\"twitter:label1\" content=\"Verfasst von\" \/>\n\t<meta name=\"twitter:data1\" content=\"Martina Dicker\" \/>\n\t<meta name=\"twitter:label2\" content=\"Gesch\u00e4tzte Lesezeit\" \/>\n\t<meta name=\"twitter:data2\" content=\"1\u00a0Minute\" \/>\n<script type=\"application\/ld+json\" class=\"yoast-schema-graph\">{\"@context\":\"https:\/\/schema.org\",\"@graph\":[{\"@type\":\"Article\",\"@id\":\"https:\/\/www.nafaxles.com\/de\/erfolgreiche-teil-eroeffnung-des-naf-forums\/#article\",\"isPartOf\":{\"@id\":\"https:\/\/www.nafaxles.com\/de\/erfolgreiche-teil-eroeffnung-des-naf-forums\/\"},\"author\":{\"name\":\"Martina Dicker\",\"@id\":\"https:\/\/de.nafaxles.com\/#\/schema\/person\/131c085fdaa176da38801268f7a1954a\"},\"headline\":\"Erfolgreiche Teil-Er\u00f6ffnung des NAF-Forums\",\"datePublished\":\"2026-04-23T13:31:02+00:00\",\"dateModified\":\"2026-04-23T13:31:08+00:00\",\"mainEntityOfPage\":{\"@id\":\"https:\/\/www.nafaxles.com\/de\/erfolgreiche-teil-eroeffnung-des-naf-forums\/\"},\"wordCount\":249,\"image\":{\"@id\":\"https:\/\/www.nafaxles.com\/de\/erfolgreiche-teil-eroeffnung-des-naf-forums\/#primaryimage\"},\"thumbnailUrl\":\"https:\/\/www.nafaxles.com\/wp-content\/uploads\/2026\/04\/Kantine_Teaser_Fin.jpg\",\"articleSection\":[\"Unkategorisiert\"],\"inLanguage\":\"de\"},{\"@type\":\"WebPage\",\"@id\":\"https:\/\/www.nafaxles.com\/de\/erfolgreiche-teil-eroeffnung-des-naf-forums\/\",\"url\":\"https:\/\/www.nafaxles.com\/de\/erfolgreiche-teil-eroeffnung-des-naf-forums\/\",\"name\":\"Erfolgreiche Teil-Er\u00f6ffnung des NAF-Forums - NAF \u2013 Neunkirchener Achsenfabrik\",\"isPartOf\":{\"@id\":\"https:\/\/de.nafaxles.com\/#website\"},\"primaryImageOfPage\":{\"@id\":\"https:\/\/www.nafaxles.com\/de\/erfolgreiche-teil-eroeffnung-des-naf-forums\/#primaryimage\"},\"image\":{\"@id\":\"https:\/\/www.nafaxles.com\/de\/erfolgreiche-teil-eroeffnung-des-naf-forums\/#primaryimage\"},\"thumbnailUrl\":\"https:\/\/www.nafaxles.com\/wp-content\/uploads\/2026\/04\/Kantine_Teaser_Fin.jpg\",\"datePublished\":\"2026-04-23T13:31:02+00:00\",\"dateModified\":\"2026-04-23T13:31:08+00:00\",\"author\":{\"@id\":\"https:\/\/de.nafaxles.com\/#\/schema\/person\/131c085fdaa176da38801268f7a1954a\"},\"breadcrumb\":{\"@id\":\"https:\/\/www.nafaxles.com\/de\/erfolgreiche-teil-eroeffnung-des-naf-forums\/#breadcrumb\"},\"inLanguage\":\"de\",\"potentialAction\":[{\"@type\":\"ReadAction\",\"target\":[\"https:\/\/www.nafaxles.com\/de\/erfolgreiche-teil-eroeffnung-des-naf-forums\/\"]}]},{\"@type\":\"ImageObject\",\"inLanguage\":\"de\",\"@id\":\"https:\/\/www.nafaxles.com\/de\/erfolgreiche-teil-eroeffnung-des-naf-forums\/#primaryimage\",\"url\":\"https:\/\/www.nafaxles.com\/wp-content\/uploads\/2026\/04\/Kantine_Teaser_Fin.jpg\",\"contentUrl\":\"https:\/\/www.nafaxles.com\/wp-content\/uploads\/2026\/04\/Kantine_Teaser_Fin.jpg\",\"width\":750,\"height\":750,\"caption\":\"New NAF Canteen\"},{\"@type\":\"BreadcrumbList\",\"@id\":\"https:\/\/www.nafaxles.com\/de\/erfolgreiche-teil-eroeffnung-des-naf-forums\/#breadcrumb\",\"itemListElement\":[{\"@type\":\"ListItem\",\"position\":1,\"name\":\"Startseite\",\"item\":\"https:\/\/www.nafaxles.com\/de\/\"},{\"@type\":\"ListItem\",\"position\":2,\"name\":\"Erfolgreiche Teil-Er\u00f6ffnung des NAF-Forums\"}]},{\"@type\":\"WebSite\",\"@id\":\"https:\/\/de.nafaxles.com\/#website\",\"url\":\"https:\/\/de.nafaxles.com\/\",\"name\":\"NAF \u2013 Neunkirchener Achsenfabrik\",\"description\":\"\",\"potentialAction\":[{\"@type\":\"SearchAction\",\"target\":{\"@type\":\"EntryPoint\",\"urlTemplate\":\"https:\/\/de.nafaxles.com\/?s={search_term_string}\"},\"query-input\":{\"@type\":\"PropertyValueSpecification\",\"valueRequired\":true,\"valueName\":\"search_term_string\"}}],\"inLanguage\":\"de\"},{\"@type\":\"Person\",\"@id\":\"https:\/\/de.nafaxles.com\/#\/schema\/person\/131c085fdaa176da38801268f7a1954a\",\"name\":\"Martina Dicker\"}]}<\/script>\n<!-- \/ Yoast SEO plugin. -->","yoast_head_json":{"title":"Erfolgreiche Teil-Er\u00f6ffnung des NAF-Forums - NAF \u2013 Neunkirchener Achsenfabrik","robots":{"index":"index","follow":"follow","max-snippet":"max-snippet:-1","max-image-preview":"max-image-preview:large","max-video-preview":"max-video-preview:-1"},"canonical":"https:\/\/www.nafaxles.com\/de\/erfolgreiche-teil-eroeffnung-des-naf-forums\/","og_locale":"de_DE","og_type":"article","og_title":"Erfolgreiche Teil-Er\u00f6ffnung des NAF-Forums - NAF \u2013 Neunkirchener Achsenfabrik","og_description":"Nachdem das ehemalige Verwaltungsgeb\u00e4ude Ende 2024 teilabgerissen wurde, ist direkt mit dem Neubau des NAF-Forums begonnen worden. Dieses stellt eine gelungene Kombination aus Sozialgeb\u00e4ude mit Betriebsrestaurant und Kantine auf einer Gesamtnutzungsfl\u00e4che von 1.145 m\u00b2 dar. In der dazugeh\u00f6rigen K\u00fcche k\u00f6nnen nun Gerichte direkt vor Ort frisch zubereitet werden. Das Forum bietet dar\u00fcber hinaus B\u00fcroeinheiten f\u00fcr [&hellip;]","og_url":"https:\/\/www.nafaxles.com\/de\/erfolgreiche-teil-eroeffnung-des-naf-forums\/","og_site_name":"NAF \u2013 Neunkirchener Achsenfabrik","article_publisher":"https:\/\/www.facebook.com\/NAF-Neunkirchener-Achsenfabrik-AG-159635987405144\/","article_published_time":"2026-04-23T13:31:02+00:00","article_modified_time":"2026-04-23T13:31:08+00:00","og_image":[{"width":750,"height":750,"url":"https:\/\/www.nafaxles.com\/wp-content\/uploads\/2026\/04\/Kantine_Teaser_Fin.jpg","type":"image\/jpeg"}],"author":"Martina Dicker","twitter_card":"summary_large_image","twitter_creator":"@nafaxles","twitter_site":"@nafaxles","twitter_misc":{"Verfasst von":"Martina Dicker","Gesch\u00e4tzte Lesezeit":"1\u00a0Minute"},"schema":{"@context":"https:\/\/schema.org","@graph":[{"@type":"Article","@id":"https:\/\/www.nafaxles.com\/de\/erfolgreiche-teil-eroeffnung-des-naf-forums\/#article","isPartOf":{"@id":"https:\/\/www.nafaxles.com\/de\/erfolgreiche-teil-eroeffnung-des-naf-forums\/"},"author":{"name":"Martina Dicker","@id":"https:\/\/de.nafaxles.com\/#\/schema\/person\/131c085fdaa176da38801268f7a1954a"},"headline":"Erfolgreiche Teil-Er\u00f6ffnung des NAF-Forums","datePublished":"2026-04-23T13:31:02+00:00","dateModified":"2026-04-23T13:31:08+00:00","mainEntityOfPage":{"@id":"https:\/\/www.nafaxles.com\/de\/erfolgreiche-teil-eroeffnung-des-naf-forums\/"},"wordCount":249,"image":{"@id":"https:\/\/www.nafaxles.com\/de\/erfolgreiche-teil-eroeffnung-des-naf-forums\/#primaryimage"},"thumbnailUrl":"https:\/\/www.nafaxles.com\/wp-content\/uploads\/2026\/04\/Kantine_Teaser_Fin.jpg","articleSection":["Unkategorisiert"],"inLanguage":"de"},{"@type":"WebPage","@id":"https:\/\/www.nafaxles.com\/de\/erfolgreiche-teil-eroeffnung-des-naf-forums\/","url":"https:\/\/www.nafaxles.com\/de\/erfolgreiche-teil-eroeffnung-des-naf-forums\/","name":"Erfolgreiche Teil-Er\u00f6ffnung des NAF-Forums - NAF \u2013 Neunkirchener Achsenfabrik","isPartOf":{"@id":"https:\/\/de.nafaxles.com\/#website"},"primaryImageOfPage":{"@id":"https:\/\/www.nafaxles.com\/de\/erfolgreiche-teil-eroeffnung-des-naf-forums\/#primaryimage"},"image":{"@id":"https:\/\/www.nafaxles.com\/de\/erfolgreiche-teil-eroeffnung-des-naf-forums\/#primaryimage"},"thumbnailUrl":"https:\/\/www.nafaxles.com\/wp-content\/uploads\/2026\/04\/Kantine_Teaser_Fin.jpg","datePublished":"2026-04-23T13:31:02+00:00","dateModified":"2026-04-23T13:31:08+00:00","author":{"@id":"https:\/\/de.nafaxles.com\/#\/schema\/person\/131c085fdaa176da38801268f7a1954a"},"breadcrumb":{"@id":"https:\/\/www.nafaxles.com\/de\/erfolgreiche-teil-eroeffnung-des-naf-forums\/#breadcrumb"},"inLanguage":"de","potentialAction":[{"@type":"ReadAction","target":["https:\/\/www.nafaxles.com\/de\/erfolgreiche-teil-eroeffnung-des-naf-forums\/"]}]},{"@type":"ImageObject","inLanguage":"de","@id":"https:\/\/www.nafaxles.com\/de\/erfolgreiche-teil-eroeffnung-des-naf-forums\/#primaryimage","url":"https:\/\/www.nafaxles.com\/wp-content\/uploads\/2026\/04\/Kantine_Teaser_Fin.jpg","contentUrl":"https:\/\/www.nafaxles.com\/wp-content\/uploads\/2026\/04\/Kantine_Teaser_Fin.jpg","width":750,"height":750,"caption":"New NAF Canteen"},{"@type":"BreadcrumbList","@id":"https:\/\/www.nafaxles.com\/de\/erfolgreiche-teil-eroeffnung-des-naf-forums\/#breadcrumb","itemListElement":[{"@type":"ListItem","position":1,"name":"Startseite","item":"https:\/\/www.nafaxles.com\/de\/"},{"@type":"ListItem","position":2,"name":"Erfolgreiche Teil-Er\u00f6ffnung des NAF-Forums"}]},{"@type":"WebSite","@id":"https:\/\/de.nafaxles.com\/#website","url":"https:\/\/de.nafaxles.com\/","name":"NAF \u2013 Neunkirchener Achsenfabrik","description":"","potentialAction":[{"@type":"SearchAction","target":{"@type":"EntryPoint","urlTemplate":"https:\/\/de.nafaxles.com\/?s={search_term_string}"},"query-input":{"@type":"PropertyValueSpecification","valueRequired":true,"valueName":"search_term_string"}}],"inLanguage":"de"},{"@type":"Person","@id":"https:\/\/de.nafaxles.com\/#\/schema\/person\/131c085fdaa176da38801268f7a1954a","name":"Martina Dicker"}]}},"_links":{"self":[{"href":"https:\/\/www.nafaxles.com\/de\/wp-json\/wp\/v2\/posts\/10481","targetHints":{"allow":["GET"]}}],"collection":[{"href":"https:\/\/www.nafaxles.com\/de\/wp-json\/wp\/v2\/posts"}],"about":[{"href":"https:\/\/www.nafaxles.com\/de\/wp-json\/wp\/v2\/types\/post"}],"author":[{"embeddable":true,"href":"https:\/\/www.nafaxles.com\/de\/wp-json\/wp\/v2\/users\/281"}],"replies":[{"embeddable":true,"href":"https:\/\/www.nafaxles.com\/de\/wp-json\/wp\/v2\/comments?post=10481"}],"version-history":[{"count":2,"href":"https:\/\/www.nafaxles.com\/de\/wp-json\/wp\/v2\/posts\/10481\/revisions"}],"predecessor-version":[{"id":10489,"href":"https:\/\/www.nafaxles.com\/de\/wp-json\/wp\/v2\/posts\/10481\/revisions\/10489"}],"wp:featuredmedia":[{"embeddable":true,"href":"https:\/\/www.nafaxles.com\/de\/wp-json\/wp\/v2\/media\/10474"}],"wp:attachment":[{"href":"https:\/\/www.nafaxles.com\/de\/wp-json\/wp\/v2\/media?parent=10481"}],"wp:term":[{"taxonomy":"category","embeddable":true,"href":"https:\/\/www.nafaxles.com\/de\/wp-json\/wp\/v2\/categories?post=10481"},{"taxonomy":"post_tag","embeddable":true,"href":"https:\/\/www.nafaxles.com\/de\/wp-json\/wp\/v2\/tags?post=10481"}],"curies":[{"name":"wp","href":"https:\/\/api.w.org\/{rel}","templated":true}]}}