{"id":10119,"date":"2025-11-20T15:54:11","date_gmt":"2025-11-20T14:54:11","guid":{"rendered":"https:\/\/www.nafaxles.com\/agritechnica-2025\/"},"modified":"2025-12-02T16:14:06","modified_gmt":"2025-12-02T15:14:06","slug":"agritechnica-2025","status":"publish","type":"post","link":"https:\/\/www.nafaxles.com\/de\/agritechnica-2025\/","title":{"rendered":"NAF als Aussteller auf der\u00a0Agritechnica\u00a02025"},"content":{"rendered":"\n<p>Die <a href=\"https:\/\/www.agritechnica.com\/de\/\" target=\"_blank\" rel=\"noreferrer noopener\">Agritechnica<\/a> hat vom 09.-15.11.&nbsp;als Weltleitmesse erneut zukunftsweisende Impulse f\u00fcr Landwirtschaft und Landtechnik gesetzt. 2.849 Aussteller aus 52 L\u00e4ndern sowie rund 476.000 Fachbesucherinnen und Fachbesucher aus 171 L\u00e4ndern machten die Veranstaltung zu einem herausragenden internationalen Branchentreffen.&nbsp;&nbsp;<\/p>\n\n\n\n<p>Auch die NAF war als Aussteller vertreten und hat&nbsp;drei verschiedene&nbsp;Achsen f\u00fcr landwirtschaftliche Anwendungen ausgestellt &#8211; eine Lenkachse, eine Starrachse und eine Bogieachse. Ein&nbsp;kleiner&nbsp;Hingucker&nbsp;war&nbsp;unser&nbsp;3D-gedrucktes Modell der <a href=\"https:\/\/www.nafaxles.com\/de\/produkte\/starrachsen\/\" target=\"_blank\" rel=\"noreferrer noopener\">Starrachse SAP 99<\/a>, bei dem die unterschiedlichen Bereifungsoptionen angesteckt&nbsp;und getauscht&nbsp;werden konnten. Aber auch die \u201cechte\u201d&nbsp;SAP99&nbsp;hat besondere Aufmerksamkeit&nbsp;erhalten, hierzu gab es viele interessante Gespr\u00e4che.<\/p>\n\n\n\n<figure class=\"wp-block-gallery has-nested-images columns-default is-cropped wp-block-gallery-1 is-layout-flex wp-block-gallery-is-layout-flex\">\n<figure class=\"wp-block-image size-large\"><img loading=\"lazy\" decoding=\"async\" width=\"1024\" height=\"768\" data-id=\"10102\" src=\"https:\/\/www.nafaxles.com\/wp-content\/uploads\/2025\/12\/Agritechnica_2025_Modell-SAP99-1024x768.jpg\" alt=\"Modell SAP99 auf Messestand\" class=\"wp-image-10102\" srcset=\"https:\/\/www.nafaxles.com\/wp-content\/uploads\/2025\/12\/Agritechnica_2025_Modell-SAP99-1024x768.jpg 1024w, https:\/\/www.nafaxles.com\/wp-content\/uploads\/2025\/12\/Agritechnica_2025_Modell-SAP99-300x225.jpg 300w, https:\/\/www.nafaxles.com\/wp-content\/uploads\/2025\/12\/Agritechnica_2025_Modell-SAP99-768x576.jpg 768w, https:\/\/www.nafaxles.com\/wp-content\/uploads\/2025\/12\/Agritechnica_2025_Modell-SAP99.jpg 1200w\" sizes=\"auto, (max-width: 1024px) 100vw, 1024px\" \/><\/figure>\n\n\n\n<figure class=\"wp-block-image size-large\"><img loading=\"lazy\" decoding=\"async\" width=\"1024\" height=\"768\" data-id=\"10110\" src=\"https:\/\/www.nafaxles.com\/wp-content\/uploads\/2025\/12\/Agritechnica_2025_SAP99-1024x768.jpg\" alt=\"Starrachse SAP99\" class=\"wp-image-10110\" srcset=\"https:\/\/www.nafaxles.com\/wp-content\/uploads\/2025\/12\/Agritechnica_2025_SAP99-1024x768.jpg 1024w, https:\/\/www.nafaxles.com\/wp-content\/uploads\/2025\/12\/Agritechnica_2025_SAP99-300x225.jpg 300w, https:\/\/www.nafaxles.com\/wp-content\/uploads\/2025\/12\/Agritechnica_2025_SAP99-768x576.jpg 768w, https:\/\/www.nafaxles.com\/wp-content\/uploads\/2025\/12\/Agritechnica_2025_SAP99.jpg 1200w\" sizes=\"auto, (max-width: 1024px) 100vw, 1024px\" \/><\/figure>\n<\/figure>\n\n\n\n<p>Wir konnten uns sowohl mit bekannten Kunden und Lieferanten austauschen wie auch neue Kontakte schlie\u00dfen,&nbsp;uns&nbsp;\u00fcber&nbsp;technische Neuerungen&nbsp;informieren und einen guten \u00dcberblick \u00fcber die Entwicklung der Landtechnikbranche erhalten. Insgesamt eine spannende und erfolgreiche Messe,&nbsp;jedoch hat man&nbsp;durchaus die&nbsp;angespannte Marktlage und die verhaltene wirtschaftliche Situation gesp\u00fcrt.&nbsp;<\/p>\n\n\n\n<p>Auf den Messest\u00e4nden unserer Kunden wurden auch Maschinen mit NAF-Achsen ausgestellt, was uns nat\u00fcrlich immer besonders freut. Beeindruckende Maschinen, angetrieben durch NAF!<\/p>\n\n\n\n<p>Wir haben uns auch \u00fcber den Besuch verschiedener Mitarbeitenden gefreut, die die Messe mit den NAF-gesponserten Tickets&nbsp;oder der von NAF-organisierten Busfahrt besucht haben.<\/p>\n\n\n\n<p>Vielen Dank nochmal an alle Besucher!<\/p>\n\n\n\n<p>Zum Abschluss noch ein paar Impressionen unseres Messestands und vom Team vor Ort.&nbsp;<\/p>\n\n\n\n<figure class=\"wp-block-gallery has-nested-images columns-default is-cropped wp-block-gallery-2 is-layout-flex wp-block-gallery-is-layout-flex\">\n<figure class=\"wp-block-image size-large\"><img loading=\"lazy\" decoding=\"async\" width=\"1024\" height=\"768\" data-id=\"10114\" src=\"https:\/\/www.nafaxles.com\/wp-content\/uploads\/2025\/12\/Agritechnica_2025_Stand-1024x768.jpg\" alt=\"Messestand NAF\" class=\"wp-image-10114\" srcset=\"https:\/\/www.nafaxles.com\/wp-content\/uploads\/2025\/12\/Agritechnica_2025_Stand-1024x768.jpg 1024w, https:\/\/www.nafaxles.com\/wp-content\/uploads\/2025\/12\/Agritechnica_2025_Stand-300x225.jpg 300w, https:\/\/www.nafaxles.com\/wp-content\/uploads\/2025\/12\/Agritechnica_2025_Stand-768x576.jpg 768w, https:\/\/www.nafaxles.com\/wp-content\/uploads\/2025\/12\/Agritechnica_2025_Stand.jpg 1200w\" sizes=\"auto, (max-width: 1024px) 100vw, 1024px\" \/><\/figure>\n\n\n\n<figure class=\"wp-block-image size-large\"><img loading=\"lazy\" decoding=\"async\" width=\"1024\" height=\"768\" data-id=\"10106\" src=\"https:\/\/www.nafaxles.com\/wp-content\/uploads\/2025\/12\/Agritechnica_2025_NAF-Team-1024x768.jpg\" alt=\"Gruppenbild Standpersonal\" class=\"wp-image-10106\" srcset=\"https:\/\/www.nafaxles.com\/wp-content\/uploads\/2025\/12\/Agritechnica_2025_NAF-Team-1024x768.jpg 1024w, https:\/\/www.nafaxles.com\/wp-content\/uploads\/2025\/12\/Agritechnica_2025_NAF-Team-300x225.jpg 300w, https:\/\/www.nafaxles.com\/wp-content\/uploads\/2025\/12\/Agritechnica_2025_NAF-Team-768x576.jpg 768w, https:\/\/www.nafaxles.com\/wp-content\/uploads\/2025\/12\/Agritechnica_2025_NAF-Team.jpg 1200w\" sizes=\"auto, (max-width: 1024px) 100vw, 1024px\" \/><\/figure>\n<\/figure>\n\n\n\n<figure class=\"wp-block-gallery has-nested-images columns-default is-cropped wp-block-gallery-3 is-layout-flex wp-block-gallery-is-layout-flex\">\n<figure class=\"wp-block-image size-large\"><img loading=\"lazy\" decoding=\"async\" width=\"1024\" height=\"768\" data-id=\"10098\" src=\"https:\/\/www.nafaxles.com\/wp-content\/uploads\/2025\/12\/Agritechnica_2025_LAP54-1024x768.jpg\" alt=\"Lenkachse LAP54\" class=\"wp-image-10098\" srcset=\"https:\/\/www.nafaxles.com\/wp-content\/uploads\/2025\/12\/Agritechnica_2025_LAP54-1024x768.jpg 1024w, https:\/\/www.nafaxles.com\/wp-content\/uploads\/2025\/12\/Agritechnica_2025_LAP54-300x225.jpg 300w, https:\/\/www.nafaxles.com\/wp-content\/uploads\/2025\/12\/Agritechnica_2025_LAP54-768x576.jpg 768w, https:\/\/www.nafaxles.com\/wp-content\/uploads\/2025\/12\/Agritechnica_2025_LAP54.jpg 1200w\" sizes=\"auto, (max-width: 1024px) 100vw, 1024px\" \/><\/figure>\n\n\n\n<figure class=\"wp-block-image size-large\"><img loading=\"lazy\" decoding=\"async\" width=\"1024\" height=\"768\" data-id=\"10086\" src=\"https:\/\/www.nafaxles.com\/wp-content\/uploads\/2025\/12\/Agritechnica_2025_TAP75-1024x768.jpg\" alt=\"Bogieachse TAP75\" class=\"wp-image-10086\" srcset=\"https:\/\/www.nafaxles.com\/wp-content\/uploads\/2025\/12\/Agritechnica_2025_TAP75-1024x768.jpg 1024w, https:\/\/www.nafaxles.com\/wp-content\/uploads\/2025\/12\/Agritechnica_2025_TAP75-300x225.jpg 300w, https:\/\/www.nafaxles.com\/wp-content\/uploads\/2025\/12\/Agritechnica_2025_TAP75-768x576.jpg 768w, https:\/\/www.nafaxles.com\/wp-content\/uploads\/2025\/12\/Agritechnica_2025_TAP75.jpg 1200w\" sizes=\"auto, (max-width: 1024px) 100vw, 1024px\" \/><\/figure>\n<\/figure>\n\n\n\n<p><\/p>\n","protected":false},"excerpt":{"rendered":"<p>Die Agritechnica hat vom 09.-15.11.&nbsp;als Weltleitmesse erneut zukunftsweisende Impulse f\u00fcr Landwirtschaft und Landtechnik gesetzt. 2.849 Aussteller aus 52 L\u00e4ndern sowie rund 476.000 Fachbesucherinnen und Fachbesucher aus 171 L\u00e4ndern machten die Veranstaltung zu einem herausragenden internationalen Branchentreffen.&nbsp;&nbsp; Auch die NAF war als Aussteller vertreten und hat&nbsp;drei verschiedene&nbsp;Achsen f\u00fcr landwirtschaftliche Anwendungen ausgestellt &#8211; eine Lenkachse, eine Starrachse [&hellip;]<\/p>\n","protected":false},"author":332,"featured_media":10088,"comment_status":"closed","ping_status":"closed","sticky":false,"template":"","format":"standard","meta":{"footnotes":""},"categories":[6],"tags":[],"class_list":["post-10119","post","type-post","status-publish","format-standard","has-post-thumbnail","hentry","category-unkategorisiert"],"yoast_head":"<!-- This site is optimized with the Yoast SEO plugin v27.1.1 - https:\/\/yoast.com\/product\/yoast-seo-wordpress\/ -->\n<title>NAF als Aussteller auf der\u00a0Agritechnica\u00a02025 - NAF \u2013 Neunkirchener Achsenfabrik<\/title>\n<meta name=\"description\" content=\"NAF war als Aussteller auf der Agritechnica 2025 vertreten und pr\u00e4sentierte drei verschiedene Achsen f\u00fcr landwirtschaftliche Anwendungen.\" \/>\n<meta name=\"robots\" content=\"index, follow, max-snippet:-1, max-image-preview:large, max-video-preview:-1\" \/>\n<link rel=\"canonical\" href=\"https:\/\/www.nafaxles.com\/de\/agritechnica-2025\/\" \/>\n<meta property=\"og:locale\" content=\"de_DE\" \/>\n<meta property=\"og:type\" content=\"article\" \/>\n<meta property=\"og:title\" content=\"NAF als Aussteller auf der\u00a0Agritechnica\u00a02025 - NAF \u2013 Neunkirchener Achsenfabrik\" \/>\n<meta property=\"og:description\" content=\"NAF war als Aussteller auf der Agritechnica 2025 vertreten und pr\u00e4sentierte drei verschiedene Achsen f\u00fcr landwirtschaftliche Anwendungen.\" \/>\n<meta property=\"og:url\" content=\"https:\/\/www.nafaxles.com\/de\/agritechnica-2025\/\" \/>\n<meta property=\"og:site_name\" content=\"NAF \u2013 Neunkirchener Achsenfabrik\" \/>\n<meta property=\"article:publisher\" content=\"https:\/\/www.facebook.com\/NAF-Neunkirchener-Achsenfabrik-AG-159635987405144\/\" \/>\n<meta property=\"article:published_time\" content=\"2025-11-20T14:54:11+00:00\" \/>\n<meta property=\"article:modified_time\" content=\"2025-12-02T15:14:06+00:00\" \/>\n<meta property=\"og:image\" content=\"https:\/\/www.nafaxles.com\/wp-content\/uploads\/2025\/12\/Agritechnica_2025_Teaser.jpg\" \/>\n\t<meta property=\"og:image:width\" content=\"360\" \/>\n\t<meta property=\"og:image:height\" content=\"360\" \/>\n\t<meta property=\"og:image:type\" content=\"image\/jpeg\" \/>\n<meta name=\"author\" content=\"Sabrina Gugel\" \/>\n<meta name=\"twitter:card\" content=\"summary_large_image\" \/>\n<meta name=\"twitter:creator\" content=\"@nafaxles\" \/>\n<meta name=\"twitter:site\" content=\"@nafaxles\" \/>\n<meta name=\"twitter:label1\" content=\"Verfasst von\" \/>\n\t<meta name=\"twitter:data1\" content=\"Sabrina Gugel\" \/>\n\t<meta name=\"twitter:label2\" content=\"Gesch\u00e4tzte Lesezeit\" \/>\n\t<meta name=\"twitter:data2\" content=\"1\u00a0Minute\" \/>\n<script type=\"application\/ld+json\" class=\"yoast-schema-graph\">{\"@context\":\"https:\/\/schema.org\",\"@graph\":[{\"@type\":\"Article\",\"@id\":\"https:\/\/www.nafaxles.com\/de\/agritechnica-2025\/#article\",\"isPartOf\":{\"@id\":\"https:\/\/www.nafaxles.com\/de\/agritechnica-2025\/\"},\"author\":{\"name\":\"Sabrina Gugel\",\"@id\":\"https:\/\/de.nafaxles.com\/#\/schema\/person\/9f58669113649ec0ca514de6bbc87b74\"},\"headline\":\"NAF als Aussteller auf der\u00a0Agritechnica\u00a02025\",\"datePublished\":\"2025-11-20T14:54:11+00:00\",\"dateModified\":\"2025-12-02T15:14:06+00:00\",\"mainEntityOfPage\":{\"@id\":\"https:\/\/www.nafaxles.com\/de\/agritechnica-2025\/\"},\"wordCount\":246,\"image\":{\"@id\":\"https:\/\/www.nafaxles.com\/de\/agritechnica-2025\/#primaryimage\"},\"thumbnailUrl\":\"https:\/\/www.nafaxles.com\/wp-content\/uploads\/2025\/12\/Agritechnica_2025_Teaser.jpg\",\"articleSection\":[\"Unkategorisiert\"],\"inLanguage\":\"de\"},{\"@type\":\"WebPage\",\"@id\":\"https:\/\/www.nafaxles.com\/de\/agritechnica-2025\/\",\"url\":\"https:\/\/www.nafaxles.com\/de\/agritechnica-2025\/\",\"name\":\"NAF als Aussteller auf der\u00a0Agritechnica\u00a02025 - NAF \u2013 Neunkirchener Achsenfabrik\",\"isPartOf\":{\"@id\":\"https:\/\/de.nafaxles.com\/#website\"},\"primaryImageOfPage\":{\"@id\":\"https:\/\/www.nafaxles.com\/de\/agritechnica-2025\/#primaryimage\"},\"image\":{\"@id\":\"https:\/\/www.nafaxles.com\/de\/agritechnica-2025\/#primaryimage\"},\"thumbnailUrl\":\"https:\/\/www.nafaxles.com\/wp-content\/uploads\/2025\/12\/Agritechnica_2025_Teaser.jpg\",\"datePublished\":\"2025-11-20T14:54:11+00:00\",\"dateModified\":\"2025-12-02T15:14:06+00:00\",\"author\":{\"@id\":\"https:\/\/de.nafaxles.com\/#\/schema\/person\/9f58669113649ec0ca514de6bbc87b74\"},\"description\":\"NAF war als Aussteller auf der Agritechnica 2025 vertreten und pr\u00e4sentierte drei verschiedene Achsen f\u00fcr landwirtschaftliche Anwendungen.\",\"breadcrumb\":{\"@id\":\"https:\/\/www.nafaxles.com\/de\/agritechnica-2025\/#breadcrumb\"},\"inLanguage\":\"de\",\"potentialAction\":[{\"@type\":\"ReadAction\",\"target\":[\"https:\/\/www.nafaxles.com\/de\/agritechnica-2025\/\"]}]},{\"@type\":\"ImageObject\",\"inLanguage\":\"de\",\"@id\":\"https:\/\/www.nafaxles.com\/de\/agritechnica-2025\/#primaryimage\",\"url\":\"https:\/\/www.nafaxles.com\/wp-content\/uploads\/2025\/12\/Agritechnica_2025_Teaser.jpg\",\"contentUrl\":\"https:\/\/www.nafaxles.com\/wp-content\/uploads\/2025\/12\/Agritechnica_2025_Teaser.jpg\",\"width\":360,\"height\":360,\"caption\":\"Messestand NAF\"},{\"@type\":\"BreadcrumbList\",\"@id\":\"https:\/\/www.nafaxles.com\/de\/agritechnica-2025\/#breadcrumb\",\"itemListElement\":[{\"@type\":\"ListItem\",\"position\":1,\"name\":\"Startseite\",\"item\":\"https:\/\/www.nafaxles.com\/de\/\"},{\"@type\":\"ListItem\",\"position\":2,\"name\":\"NAF als Aussteller auf der\u00a0Agritechnica\u00a02025\"}]},{\"@type\":\"WebSite\",\"@id\":\"https:\/\/de.nafaxles.com\/#website\",\"url\":\"https:\/\/de.nafaxles.com\/\",\"name\":\"NAF \u2013 Neunkirchener Achsenfabrik\",\"description\":\"\",\"potentialAction\":[{\"@type\":\"SearchAction\",\"target\":{\"@type\":\"EntryPoint\",\"urlTemplate\":\"https:\/\/de.nafaxles.com\/?s={search_term_string}\"},\"query-input\":{\"@type\":\"PropertyValueSpecification\",\"valueRequired\":true,\"valueName\":\"search_term_string\"}}],\"inLanguage\":\"de\"},{\"@type\":\"Person\",\"@id\":\"https:\/\/de.nafaxles.com\/#\/schema\/person\/9f58669113649ec0ca514de6bbc87b74\",\"name\":\"Sabrina Gugel\"}]}<\/script>\n<!-- \/ Yoast SEO plugin. -->","yoast_head_json":{"title":"NAF als Aussteller auf der\u00a0Agritechnica\u00a02025 - NAF \u2013 Neunkirchener Achsenfabrik","description":"NAF war als Aussteller auf der Agritechnica 2025 vertreten und pr\u00e4sentierte drei verschiedene Achsen f\u00fcr landwirtschaftliche Anwendungen.","robots":{"index":"index","follow":"follow","max-snippet":"max-snippet:-1","max-image-preview":"max-image-preview:large","max-video-preview":"max-video-preview:-1"},"canonical":"https:\/\/www.nafaxles.com\/de\/agritechnica-2025\/","og_locale":"de_DE","og_type":"article","og_title":"NAF als Aussteller auf der\u00a0Agritechnica\u00a02025 - NAF \u2013 Neunkirchener Achsenfabrik","og_description":"NAF war als Aussteller auf der Agritechnica 2025 vertreten und pr\u00e4sentierte drei verschiedene Achsen f\u00fcr landwirtschaftliche Anwendungen.","og_url":"https:\/\/www.nafaxles.com\/de\/agritechnica-2025\/","og_site_name":"NAF \u2013 Neunkirchener Achsenfabrik","article_publisher":"https:\/\/www.facebook.com\/NAF-Neunkirchener-Achsenfabrik-AG-159635987405144\/","article_published_time":"2025-11-20T14:54:11+00:00","article_modified_time":"2025-12-02T15:14:06+00:00","og_image":[{"width":360,"height":360,"url":"https:\/\/www.nafaxles.com\/wp-content\/uploads\/2025\/12\/Agritechnica_2025_Teaser.jpg","type":"image\/jpeg"}],"author":"Sabrina Gugel","twitter_card":"summary_large_image","twitter_creator":"@nafaxles","twitter_site":"@nafaxles","twitter_misc":{"Verfasst von":"Sabrina Gugel","Gesch\u00e4tzte Lesezeit":"1\u00a0Minute"},"schema":{"@context":"https:\/\/schema.org","@graph":[{"@type":"Article","@id":"https:\/\/www.nafaxles.com\/de\/agritechnica-2025\/#article","isPartOf":{"@id":"https:\/\/www.nafaxles.com\/de\/agritechnica-2025\/"},"author":{"name":"Sabrina Gugel","@id":"https:\/\/de.nafaxles.com\/#\/schema\/person\/9f58669113649ec0ca514de6bbc87b74"},"headline":"NAF als Aussteller auf der\u00a0Agritechnica\u00a02025","datePublished":"2025-11-20T14:54:11+00:00","dateModified":"2025-12-02T15:14:06+00:00","mainEntityOfPage":{"@id":"https:\/\/www.nafaxles.com\/de\/agritechnica-2025\/"},"wordCount":246,"image":{"@id":"https:\/\/www.nafaxles.com\/de\/agritechnica-2025\/#primaryimage"},"thumbnailUrl":"https:\/\/www.nafaxles.com\/wp-content\/uploads\/2025\/12\/Agritechnica_2025_Teaser.jpg","articleSection":["Unkategorisiert"],"inLanguage":"de"},{"@type":"WebPage","@id":"https:\/\/www.nafaxles.com\/de\/agritechnica-2025\/","url":"https:\/\/www.nafaxles.com\/de\/agritechnica-2025\/","name":"NAF als Aussteller auf der\u00a0Agritechnica\u00a02025 - NAF \u2013 Neunkirchener Achsenfabrik","isPartOf":{"@id":"https:\/\/de.nafaxles.com\/#website"},"primaryImageOfPage":{"@id":"https:\/\/www.nafaxles.com\/de\/agritechnica-2025\/#primaryimage"},"image":{"@id":"https:\/\/www.nafaxles.com\/de\/agritechnica-2025\/#primaryimage"},"thumbnailUrl":"https:\/\/www.nafaxles.com\/wp-content\/uploads\/2025\/12\/Agritechnica_2025_Teaser.jpg","datePublished":"2025-11-20T14:54:11+00:00","dateModified":"2025-12-02T15:14:06+00:00","author":{"@id":"https:\/\/de.nafaxles.com\/#\/schema\/person\/9f58669113649ec0ca514de6bbc87b74"},"description":"NAF war als Aussteller auf der Agritechnica 2025 vertreten und pr\u00e4sentierte drei verschiedene Achsen f\u00fcr landwirtschaftliche Anwendungen.","breadcrumb":{"@id":"https:\/\/www.nafaxles.com\/de\/agritechnica-2025\/#breadcrumb"},"inLanguage":"de","potentialAction":[{"@type":"ReadAction","target":["https:\/\/www.nafaxles.com\/de\/agritechnica-2025\/"]}]},{"@type":"ImageObject","inLanguage":"de","@id":"https:\/\/www.nafaxles.com\/de\/agritechnica-2025\/#primaryimage","url":"https:\/\/www.nafaxles.com\/wp-content\/uploads\/2025\/12\/Agritechnica_2025_Teaser.jpg","contentUrl":"https:\/\/www.nafaxles.com\/wp-content\/uploads\/2025\/12\/Agritechnica_2025_Teaser.jpg","width":360,"height":360,"caption":"Messestand NAF"},{"@type":"BreadcrumbList","@id":"https:\/\/www.nafaxles.com\/de\/agritechnica-2025\/#breadcrumb","itemListElement":[{"@type":"ListItem","position":1,"name":"Startseite","item":"https:\/\/www.nafaxles.com\/de\/"},{"@type":"ListItem","position":2,"name":"NAF als Aussteller auf der\u00a0Agritechnica\u00a02025"}]},{"@type":"WebSite","@id":"https:\/\/de.nafaxles.com\/#website","url":"https:\/\/de.nafaxles.com\/","name":"NAF \u2013 Neunkirchener Achsenfabrik","description":"","potentialAction":[{"@type":"SearchAction","target":{"@type":"EntryPoint","urlTemplate":"https:\/\/de.nafaxles.com\/?s={search_term_string}"},"query-input":{"@type":"PropertyValueSpecification","valueRequired":true,"valueName":"search_term_string"}}],"inLanguage":"de"},{"@type":"Person","@id":"https:\/\/de.nafaxles.com\/#\/schema\/person\/9f58669113649ec0ca514de6bbc87b74","name":"Sabrina Gugel"}]}},"_links":{"self":[{"href":"https:\/\/www.nafaxles.com\/de\/wp-json\/wp\/v2\/posts\/10119","targetHints":{"allow":["GET"]}}],"collection":[{"href":"https:\/\/www.nafaxles.com\/de\/wp-json\/wp\/v2\/posts"}],"about":[{"href":"https:\/\/www.nafaxles.com\/de\/wp-json\/wp\/v2\/types\/post"}],"author":[{"embeddable":true,"href":"https:\/\/www.nafaxles.com\/de\/wp-json\/wp\/v2\/users\/332"}],"replies":[{"embeddable":true,"href":"https:\/\/www.nafaxles.com\/de\/wp-json\/wp\/v2\/comments?post=10119"}],"version-history":[{"count":4,"href":"https:\/\/www.nafaxles.com\/de\/wp-json\/wp\/v2\/posts\/10119\/revisions"}],"predecessor-version":[{"id":10130,"href":"https:\/\/www.nafaxles.com\/de\/wp-json\/wp\/v2\/posts\/10119\/revisions\/10130"}],"wp:featuredmedia":[{"embeddable":true,"href":"https:\/\/www.nafaxles.com\/de\/wp-json\/wp\/v2\/media\/10088"}],"wp:attachment":[{"href":"https:\/\/www.nafaxles.com\/de\/wp-json\/wp\/v2\/media?parent=10119"}],"wp:term":[{"taxonomy":"category","embeddable":true,"href":"https:\/\/www.nafaxles.com\/de\/wp-json\/wp\/v2\/categories?post=10119"},{"taxonomy":"post_tag","embeddable":true,"href":"https:\/\/www.nafaxles.com\/de\/wp-json\/wp\/v2\/tags?post=10119"}],"curies":[{"name":"wp","href":"https:\/\/api.w.org\/{rel}","templated":true}]}}