{"id":10077,"date":"2025-09-16T14:35:54","date_gmt":"2025-09-16T12:35:54","guid":{"rendered":"https:\/\/www.nafaxles.com\/new-apprentices\/"},"modified":"2025-12-02T15:46:51","modified_gmt":"2025-12-02T14:46:51","slug":"neue-azubis","status":"publish","type":"post","link":"https:\/\/www.nafaxles.com\/de\/neue-azubis\/","title":{"rendered":"Neues Lehrjahr, neue Azubis"},"content":{"rendered":"\n<p>P\u00fcnktlich zum 01. September ist das neue Lehrjahr gestartet und somit durften auch wir&nbsp;neue&nbsp;Auszubildende&nbsp;bei uns&nbsp;begr\u00fc\u00dfen.&nbsp;&nbsp;<\/p>\n\n\n\n<p>Insgesamt sind dieses Jahr f\u00fcnf&nbsp;Azubis gestartet,&nbsp;um&nbsp;den Beruf Industriemechaniker\/-in zu lernen. Besonders freut uns, dass&nbsp;sich&nbsp;dieses Jahr auch eine&nbsp;Frau&nbsp;f\u00fcr diese Ausbildung&nbsp;bei uns&nbsp;entschieden hat!&nbsp;<br>Wir w\u00fcnschen den neuen Kollegen und der neuen Kollegin einen guten Start, eine lehrreiche Zeit und&nbsp;tolle&nbsp;Erfahrungen.&nbsp;<\/p>\n\n\n\n<p>Damit sich die neuen Azubis bei uns&nbsp;m\u00f6glichst&nbsp;schnell orientieren und&nbsp;gut&nbsp;einfinden k\u00f6nnen, sind die&nbsp;ersten Wochen gleich vollgepackt mit neuen Infos, Erfahrungen und Schulungen.&nbsp;In den Einf\u00fchrungstagen&nbsp;geht es erstmal&nbsp;haupts\u00e4chlich um die NAF und unsere Produkte&nbsp;sowie die Ausbildungsberufe.<\/p>\n\n\n\n<p>Am 12.09.&nbsp;ist dann der ganze Ausbildungsbereich&nbsp;gemeinsam zum j\u00e4hrlichen Azubiausflug gestartet.&nbsp;Insgesamt waren 22 Azubis und 3 Ausbilder dabei. Dieses Jahr ging der Ausflug zur Betriebsbesichtigung der Firma Hoffmann.&nbsp;<\/p>\n\n\n\n<p>Die <a href=\"https:\/\/www.hoffmann-group.com\/DE\/de\/hom\/\">Hoffmann Group<\/a> ist im Handel und der Herstellung von Werkzeugen, Betriebseinrichtungen und pers\u00f6nlicher Schutzausr\u00fcstung aktiv und bietet die dazu geh\u00f6rigen Beratungs- und Dienstleistungen an. Das Unternehmen besch\u00e4ftigt rund 4.000 Mitarbeitende, ist in \u00fcber 50 L\u00e4ndern aktiv\u00a0und hat den Hauptsitz in M\u00fcnchen. 2021\u00a0wurde in N\u00fcrnberg das neue Zentrallager und Technologiezentrum \u201eLogisticCity\u201c errichtet und das durften wir uns anschauen!\u00a0<\/p>\n\n\n\n<p>F\u00fcr alle Teilnehmenden ein spannender Tag mit vielen neuen Infos&nbsp;und Eindr\u00fccken. Danke an unser Ausbilderteam, die sich immer mit so viel Herzblut um&nbsp;diese&nbsp;Aktionen k\u00fcmmern und solche Ausfl\u00fcge m\u00f6glich machen.&nbsp;&nbsp;<\/p>\n\n\n\n<figure class=\"wp-block-image size-large\"><img loading=\"lazy\" decoding=\"async\" width=\"1024\" height=\"576\" src=\"https:\/\/www.nafaxles.com\/wp-content\/uploads\/2025\/12\/Neue-Azubis_2025_Azubiausflug-1024x576.jpg\" alt=\"Gruppenbild vor Firmengeb\u00e4ude \" class=\"wp-image-10064\" srcset=\"https:\/\/www.nafaxles.com\/wp-content\/uploads\/2025\/12\/Neue-Azubis_2025_Azubiausflug-1024x576.jpg 1024w, https:\/\/www.nafaxles.com\/wp-content\/uploads\/2025\/12\/Neue-Azubis_2025_Azubiausflug-300x169.jpg 300w, https:\/\/www.nafaxles.com\/wp-content\/uploads\/2025\/12\/Neue-Azubis_2025_Azubiausflug-768x432.jpg 768w, https:\/\/www.nafaxles.com\/wp-content\/uploads\/2025\/12\/Neue-Azubis_2025_Azubiausflug.jpg 1500w\" sizes=\"auto, (max-width: 1024px) 100vw, 1024px\" \/><\/figure>\n\n\n\n<p>You can find more information about our apprenticeship program here:<br><a href=\"https:\/\/www.nafaxles.com\/de\/karriere\/ausbildung\/\">Ausbildung bei NAF<\/a><\/p>\n\n\n\n<p><\/p>\n","protected":false},"excerpt":{"rendered":"<p>P\u00fcnktlich zum 01. September ist das neue Lehrjahr gestartet und somit durften auch wir&nbsp;neue&nbsp;Auszubildende&nbsp;bei uns&nbsp;begr\u00fc\u00dfen.&nbsp;&nbsp; Insgesamt sind dieses Jahr f\u00fcnf&nbsp;Azubis gestartet,&nbsp;um&nbsp;den Beruf Industriemechaniker\/-in zu lernen. Besonders freut uns, dass&nbsp;sich&nbsp;dieses Jahr auch eine&nbsp;Frau&nbsp;f\u00fcr diese Ausbildung&nbsp;bei uns&nbsp;entschieden hat!&nbsp;Wir w\u00fcnschen den neuen Kollegen und der neuen Kollegin einen guten Start, eine lehrreiche Zeit und&nbsp;tolle&nbsp;Erfahrungen.&nbsp; Damit sich die neuen [&hellip;]<\/p>\n","protected":false},"author":332,"featured_media":10066,"comment_status":"closed","ping_status":"closed","sticky":false,"template":"","format":"standard","meta":{"footnotes":""},"categories":[6],"tags":[],"class_list":["post-10077","post","type-post","status-publish","format-standard","has-post-thumbnail","hentry","category-unkategorisiert"],"yoast_head":"<!-- This site is optimized with the Yoast SEO plugin v27.1.1 - https:\/\/yoast.com\/product\/yoast-seo-wordpress\/ -->\n<title>Neues Lehrjahr, neue Azubis - NAF \u2013 Neunkirchener Achsenfabrik<\/title>\n<meta name=\"description\" content=\"Insgesamt f\u00fcnf Auszubildende haben bei NAF eine Ausbildung zum Industriemechaniker begonnen und nahmen direkt an der j\u00e4hrlichen Exkursion teil.\" \/>\n<meta name=\"robots\" content=\"index, follow, max-snippet:-1, max-image-preview:large, max-video-preview:-1\" \/>\n<link rel=\"canonical\" href=\"https:\/\/www.nafaxles.com\/de\/neue-azubis\/\" \/>\n<meta property=\"og:locale\" content=\"de_DE\" \/>\n<meta property=\"og:type\" content=\"article\" \/>\n<meta property=\"og:title\" content=\"Neues Lehrjahr, neue Azubis - NAF \u2013 Neunkirchener Achsenfabrik\" \/>\n<meta property=\"og:description\" content=\"Insgesamt f\u00fcnf Auszubildende haben bei NAF eine Ausbildung zum Industriemechaniker begonnen und nahmen direkt an der j\u00e4hrlichen Exkursion teil.\" \/>\n<meta property=\"og:url\" content=\"https:\/\/www.nafaxles.com\/de\/neue-azubis\/\" \/>\n<meta property=\"og:site_name\" content=\"NAF \u2013 Neunkirchener Achsenfabrik\" \/>\n<meta property=\"article:publisher\" content=\"https:\/\/www.facebook.com\/NAF-Neunkirchener-Achsenfabrik-AG-159635987405144\/\" \/>\n<meta property=\"article:published_time\" content=\"2025-09-16T12:35:54+00:00\" \/>\n<meta property=\"article:modified_time\" content=\"2025-12-02T14:46:51+00:00\" \/>\n<meta property=\"og:image\" content=\"https:\/\/www.nafaxles.com\/wp-content\/uploads\/2025\/12\/Neue-Azubis_2025_Teaser.jpg\" \/>\n\t<meta property=\"og:image:width\" content=\"360\" \/>\n\t<meta property=\"og:image:height\" content=\"360\" \/>\n\t<meta property=\"og:image:type\" content=\"image\/jpeg\" \/>\n<meta name=\"author\" content=\"Sabrina Gugel\" \/>\n<meta name=\"twitter:card\" content=\"summary_large_image\" \/>\n<meta name=\"twitter:creator\" content=\"@nafaxles\" \/>\n<meta name=\"twitter:site\" content=\"@nafaxles\" \/>\n<meta name=\"twitter:label1\" content=\"Verfasst von\" \/>\n\t<meta name=\"twitter:data1\" content=\"Sabrina Gugel\" \/>\n\t<meta name=\"twitter:label2\" content=\"Gesch\u00e4tzte Lesezeit\" \/>\n\t<meta name=\"twitter:data2\" content=\"1\u00a0Minute\" \/>\n<script type=\"application\/ld+json\" class=\"yoast-schema-graph\">{\"@context\":\"https:\/\/schema.org\",\"@graph\":[{\"@type\":\"Article\",\"@id\":\"https:\/\/www.nafaxles.com\/de\/neue-azubis\/#article\",\"isPartOf\":{\"@id\":\"https:\/\/www.nafaxles.com\/de\/neue-azubis\/\"},\"author\":{\"name\":\"Sabrina Gugel\",\"@id\":\"https:\/\/de.nafaxles.com\/#\/schema\/person\/9f58669113649ec0ca514de6bbc87b74\"},\"headline\":\"Neues Lehrjahr, neue Azubis\",\"datePublished\":\"2025-09-16T12:35:54+00:00\",\"dateModified\":\"2025-12-02T14:46:51+00:00\",\"mainEntityOfPage\":{\"@id\":\"https:\/\/www.nafaxles.com\/de\/neue-azubis\/\"},\"wordCount\":301,\"image\":{\"@id\":\"https:\/\/www.nafaxles.com\/de\/neue-azubis\/#primaryimage\"},\"thumbnailUrl\":\"https:\/\/www.nafaxles.com\/wp-content\/uploads\/2025\/12\/Neue-Azubis_2025_Teaser.jpg\",\"articleSection\":[\"Unkategorisiert\"],\"inLanguage\":\"de\"},{\"@type\":\"WebPage\",\"@id\":\"https:\/\/www.nafaxles.com\/de\/neue-azubis\/\",\"url\":\"https:\/\/www.nafaxles.com\/de\/neue-azubis\/\",\"name\":\"Neues Lehrjahr, neue Azubis - NAF \u2013 Neunkirchener Achsenfabrik\",\"isPartOf\":{\"@id\":\"https:\/\/de.nafaxles.com\/#website\"},\"primaryImageOfPage\":{\"@id\":\"https:\/\/www.nafaxles.com\/de\/neue-azubis\/#primaryimage\"},\"image\":{\"@id\":\"https:\/\/www.nafaxles.com\/de\/neue-azubis\/#primaryimage\"},\"thumbnailUrl\":\"https:\/\/www.nafaxles.com\/wp-content\/uploads\/2025\/12\/Neue-Azubis_2025_Teaser.jpg\",\"datePublished\":\"2025-09-16T12:35:54+00:00\",\"dateModified\":\"2025-12-02T14:46:51+00:00\",\"author\":{\"@id\":\"https:\/\/de.nafaxles.com\/#\/schema\/person\/9f58669113649ec0ca514de6bbc87b74\"},\"description\":\"Insgesamt f\u00fcnf Auszubildende haben bei NAF eine Ausbildung zum Industriemechaniker begonnen und nahmen direkt an der j\u00e4hrlichen Exkursion teil.\",\"breadcrumb\":{\"@id\":\"https:\/\/www.nafaxles.com\/de\/neue-azubis\/#breadcrumb\"},\"inLanguage\":\"de\",\"potentialAction\":[{\"@type\":\"ReadAction\",\"target\":[\"https:\/\/www.nafaxles.com\/de\/neue-azubis\/\"]}]},{\"@type\":\"ImageObject\",\"inLanguage\":\"de\",\"@id\":\"https:\/\/www.nafaxles.com\/de\/neue-azubis\/#primaryimage\",\"url\":\"https:\/\/www.nafaxles.com\/wp-content\/uploads\/2025\/12\/Neue-Azubis_2025_Teaser.jpg\",\"contentUrl\":\"https:\/\/www.nafaxles.com\/wp-content\/uploads\/2025\/12\/Neue-Azubis_2025_Teaser.jpg\",\"width\":360,\"height\":360,\"caption\":\"Auszubildende vor Firmengeb\u00e4ude\"},{\"@type\":\"BreadcrumbList\",\"@id\":\"https:\/\/www.nafaxles.com\/de\/neue-azubis\/#breadcrumb\",\"itemListElement\":[{\"@type\":\"ListItem\",\"position\":1,\"name\":\"Startseite\",\"item\":\"https:\/\/www.nafaxles.com\/de\/\"},{\"@type\":\"ListItem\",\"position\":2,\"name\":\"Neues Lehrjahr, neue Azubis\"}]},{\"@type\":\"WebSite\",\"@id\":\"https:\/\/de.nafaxles.com\/#website\",\"url\":\"https:\/\/de.nafaxles.com\/\",\"name\":\"NAF \u2013 Neunkirchener Achsenfabrik\",\"description\":\"\",\"potentialAction\":[{\"@type\":\"SearchAction\",\"target\":{\"@type\":\"EntryPoint\",\"urlTemplate\":\"https:\/\/de.nafaxles.com\/?s={search_term_string}\"},\"query-input\":{\"@type\":\"PropertyValueSpecification\",\"valueRequired\":true,\"valueName\":\"search_term_string\"}}],\"inLanguage\":\"de\"},{\"@type\":\"Person\",\"@id\":\"https:\/\/de.nafaxles.com\/#\/schema\/person\/9f58669113649ec0ca514de6bbc87b74\",\"name\":\"Sabrina Gugel\"}]}<\/script>\n<!-- \/ Yoast SEO plugin. -->","yoast_head_json":{"title":"Neues Lehrjahr, neue Azubis - NAF \u2013 Neunkirchener Achsenfabrik","description":"Insgesamt f\u00fcnf Auszubildende haben bei NAF eine Ausbildung zum Industriemechaniker begonnen und nahmen direkt an der j\u00e4hrlichen Exkursion teil.","robots":{"index":"index","follow":"follow","max-snippet":"max-snippet:-1","max-image-preview":"max-image-preview:large","max-video-preview":"max-video-preview:-1"},"canonical":"https:\/\/www.nafaxles.com\/de\/neue-azubis\/","og_locale":"de_DE","og_type":"article","og_title":"Neues Lehrjahr, neue Azubis - NAF \u2013 Neunkirchener Achsenfabrik","og_description":"Insgesamt f\u00fcnf Auszubildende haben bei NAF eine Ausbildung zum Industriemechaniker begonnen und nahmen direkt an der j\u00e4hrlichen Exkursion teil.","og_url":"https:\/\/www.nafaxles.com\/de\/neue-azubis\/","og_site_name":"NAF \u2013 Neunkirchener Achsenfabrik","article_publisher":"https:\/\/www.facebook.com\/NAF-Neunkirchener-Achsenfabrik-AG-159635987405144\/","article_published_time":"2025-09-16T12:35:54+00:00","article_modified_time":"2025-12-02T14:46:51+00:00","og_image":[{"width":360,"height":360,"url":"https:\/\/www.nafaxles.com\/wp-content\/uploads\/2025\/12\/Neue-Azubis_2025_Teaser.jpg","type":"image\/jpeg"}],"author":"Sabrina Gugel","twitter_card":"summary_large_image","twitter_creator":"@nafaxles","twitter_site":"@nafaxles","twitter_misc":{"Verfasst von":"Sabrina Gugel","Gesch\u00e4tzte Lesezeit":"1\u00a0Minute"},"schema":{"@context":"https:\/\/schema.org","@graph":[{"@type":"Article","@id":"https:\/\/www.nafaxles.com\/de\/neue-azubis\/#article","isPartOf":{"@id":"https:\/\/www.nafaxles.com\/de\/neue-azubis\/"},"author":{"name":"Sabrina Gugel","@id":"https:\/\/de.nafaxles.com\/#\/schema\/person\/9f58669113649ec0ca514de6bbc87b74"},"headline":"Neues Lehrjahr, neue Azubis","datePublished":"2025-09-16T12:35:54+00:00","dateModified":"2025-12-02T14:46:51+00:00","mainEntityOfPage":{"@id":"https:\/\/www.nafaxles.com\/de\/neue-azubis\/"},"wordCount":301,"image":{"@id":"https:\/\/www.nafaxles.com\/de\/neue-azubis\/#primaryimage"},"thumbnailUrl":"https:\/\/www.nafaxles.com\/wp-content\/uploads\/2025\/12\/Neue-Azubis_2025_Teaser.jpg","articleSection":["Unkategorisiert"],"inLanguage":"de"},{"@type":"WebPage","@id":"https:\/\/www.nafaxles.com\/de\/neue-azubis\/","url":"https:\/\/www.nafaxles.com\/de\/neue-azubis\/","name":"Neues Lehrjahr, neue Azubis - NAF \u2013 Neunkirchener Achsenfabrik","isPartOf":{"@id":"https:\/\/de.nafaxles.com\/#website"},"primaryImageOfPage":{"@id":"https:\/\/www.nafaxles.com\/de\/neue-azubis\/#primaryimage"},"image":{"@id":"https:\/\/www.nafaxles.com\/de\/neue-azubis\/#primaryimage"},"thumbnailUrl":"https:\/\/www.nafaxles.com\/wp-content\/uploads\/2025\/12\/Neue-Azubis_2025_Teaser.jpg","datePublished":"2025-09-16T12:35:54+00:00","dateModified":"2025-12-02T14:46:51+00:00","author":{"@id":"https:\/\/de.nafaxles.com\/#\/schema\/person\/9f58669113649ec0ca514de6bbc87b74"},"description":"Insgesamt f\u00fcnf Auszubildende haben bei NAF eine Ausbildung zum Industriemechaniker begonnen und nahmen direkt an der j\u00e4hrlichen Exkursion teil.","breadcrumb":{"@id":"https:\/\/www.nafaxles.com\/de\/neue-azubis\/#breadcrumb"},"inLanguage":"de","potentialAction":[{"@type":"ReadAction","target":["https:\/\/www.nafaxles.com\/de\/neue-azubis\/"]}]},{"@type":"ImageObject","inLanguage":"de","@id":"https:\/\/www.nafaxles.com\/de\/neue-azubis\/#primaryimage","url":"https:\/\/www.nafaxles.com\/wp-content\/uploads\/2025\/12\/Neue-Azubis_2025_Teaser.jpg","contentUrl":"https:\/\/www.nafaxles.com\/wp-content\/uploads\/2025\/12\/Neue-Azubis_2025_Teaser.jpg","width":360,"height":360,"caption":"Auszubildende vor Firmengeb\u00e4ude"},{"@type":"BreadcrumbList","@id":"https:\/\/www.nafaxles.com\/de\/neue-azubis\/#breadcrumb","itemListElement":[{"@type":"ListItem","position":1,"name":"Startseite","item":"https:\/\/www.nafaxles.com\/de\/"},{"@type":"ListItem","position":2,"name":"Neues Lehrjahr, neue Azubis"}]},{"@type":"WebSite","@id":"https:\/\/de.nafaxles.com\/#website","url":"https:\/\/de.nafaxles.com\/","name":"NAF \u2013 Neunkirchener Achsenfabrik","description":"","potentialAction":[{"@type":"SearchAction","target":{"@type":"EntryPoint","urlTemplate":"https:\/\/de.nafaxles.com\/?s={search_term_string}"},"query-input":{"@type":"PropertyValueSpecification","valueRequired":true,"valueName":"search_term_string"}}],"inLanguage":"de"},{"@type":"Person","@id":"https:\/\/de.nafaxles.com\/#\/schema\/person\/9f58669113649ec0ca514de6bbc87b74","name":"Sabrina Gugel"}]}},"_links":{"self":[{"href":"https:\/\/www.nafaxles.com\/de\/wp-json\/wp\/v2\/posts\/10077","targetHints":{"allow":["GET"]}}],"collection":[{"href":"https:\/\/www.nafaxles.com\/de\/wp-json\/wp\/v2\/posts"}],"about":[{"href":"https:\/\/www.nafaxles.com\/de\/wp-json\/wp\/v2\/types\/post"}],"author":[{"embeddable":true,"href":"https:\/\/www.nafaxles.com\/de\/wp-json\/wp\/v2\/users\/332"}],"replies":[{"embeddable":true,"href":"https:\/\/www.nafaxles.com\/de\/wp-json\/wp\/v2\/comments?post=10077"}],"version-history":[{"count":2,"href":"https:\/\/www.nafaxles.com\/de\/wp-json\/wp\/v2\/posts\/10077\/revisions"}],"predecessor-version":[{"id":10083,"href":"https:\/\/www.nafaxles.com\/de\/wp-json\/wp\/v2\/posts\/10077\/revisions\/10083"}],"wp:featuredmedia":[{"embeddable":true,"href":"https:\/\/www.nafaxles.com\/de\/wp-json\/wp\/v2\/media\/10066"}],"wp:attachment":[{"href":"https:\/\/www.nafaxles.com\/de\/wp-json\/wp\/v2\/media?parent=10077"}],"wp:term":[{"taxonomy":"category","embeddable":true,"href":"https:\/\/www.nafaxles.com\/de\/wp-json\/wp\/v2\/categories?post=10077"},{"taxonomy":"post_tag","embeddable":true,"href":"https:\/\/www.nafaxles.com\/de\/wp-json\/wp\/v2\/tags?post=10077"}],"curies":[{"name":"wp","href":"https:\/\/api.w.org\/{rel}","templated":true}]}}